{"id":2844,"date":"2016-02-04T12:05:28","date_gmt":"2016-02-04T12:05:28","guid":{"rendered":"http:\/\/www.mataroempresa.cat\/els-10-errors-de-lemprenedor-al-accelerar-la-seva-empresa-2\/"},"modified":"2016-02-04T12:07:57","modified_gmt":"2016-02-04T12:07:57","slug":"els-10-errors-de-lemprenedor-al-accelerar-la-seva-empresa","status":"publish","type":"post","link":"https:\/\/www.mataroempresa.cat\/es\/els-10-errors-de-lemprenedor-al-accelerar-la-seva-empresa\/","title":{"rendered":"Los 10 errores del emprendedor al acelerar su empresa"},"content":{"rendered":"<p>Este d\u00eda 10 de febrero a las 10:00h de la ma\u00f1ana en la Sala Burriac del Tecnocampus hay una reuni\u00f3n dirigida a todas aquellas start-ups catalanas de menos de cinco a\u00f1os de vida. El Pla Embarca te ayudar\u00e1 a hacer crecer tus ventas reduciendo al m\u00e1ximo el periodo de llegada a mercado y capacitando tu equipo para profesionalizar la ejecuci\u00f3n del plan empresarial.<\/p>\n<p>Para m\u00e1s informaci\u00f3n dale\u00a0<strong><a href=\"http:\/\/agenda.tecnocampus.cat\/event_detail\/3997\/detail\/els-10-errors-de-land39;emprenedor-al-accelerar-la-seva-empresa.html\">aqu\u00ed<\/a><\/strong>.<\/p>\n","protected":false},"excerpt":{"rendered":"<p>Este d\u00eda 10 de febrero a las 10:00h de la ma\u00f1ana en la Sala Burriac del Tecnocampus hay una reuni\u00f3n dirigida a todas aquellas start-ups catalanas de menos de cinco [&hellip;]<span class=\"entry-read-more\"><a href=\"https:\/\/www.mataroempresa.cat\/es\/els-10-errors-de-lemprenedor-al-accelerar-la-seva-empresa\/\" class=\"cs-btn cs-btn-flat cs-btn-rounded cs-btn-xxs cs-btn-flat-accent\">Leer m\u00e1s<\/a><\/span><\/p>\n","protected":false},"author":7,"featured_media":0,"comment_status":"closed","ping_status":"closed","sticky":false,"template":"","format":"standard","meta":{"footnotes":""},"categories":[7],"tags":[],"yoast_head":"<!-- This site is optimized with the Yoast SEO plugin v21.1 - https:\/\/yoast.com\/wordpress\/plugins\/seo\/ -->\n<title>Los 10 errores del emprendedor al acelerar su empresa - Matar\u00f3 Empresa<\/title>\n<meta name=\"robots\" content=\"index, follow, max-snippet:-1, max-image-preview:large, max-video-preview:-1\" \/>\n<link rel=\"canonical\" href=\"https:\/\/www.mataroempresa.cat\/es\/els-10-errors-de-lemprenedor-al-accelerar-la-seva-empresa\/\" \/>\n<meta property=\"og:locale\" content=\"es_ES\" \/>\n<meta property=\"og:type\" content=\"article\" \/>\n<meta property=\"og:title\" content=\"Los 10 errores del emprendedor al acelerar su empresa - Matar\u00f3 Empresa\" \/>\n<meta property=\"og:description\" content=\"Este d\u00eda 10 de febrero a las 10:00h de la ma\u00f1ana en la Sala Burriac del Tecnocampus hay una reuni\u00f3n dirigida a todas aquellas start-ups catalanas de menos de cinco [&hellip;]\" \/>\n<meta property=\"og:url\" content=\"https:\/\/www.mataroempresa.cat\/es\/els-10-errors-de-lemprenedor-al-accelerar-la-seva-empresa\/\" \/>\n<meta property=\"og:site_name\" content=\"Matar\u00f3 Empresa\" \/>\n<meta property=\"article:published_time\" content=\"2016-02-04T12:05:28+00:00\" \/>\n<meta property=\"article:modified_time\" content=\"2016-02-04T12:07:57+00:00\" \/>\n<meta name=\"author\" content=\"Maria Fenollosa\" \/>\n<meta name=\"twitter:card\" content=\"summary_large_image\" \/>\n<meta name=\"twitter:label1\" content=\"Escrito por\" \/>\n\t<meta name=\"twitter:data1\" content=\"Maria Fenollosa\" \/>\n<script type=\"application\/ld+json\" class=\"yoast-schema-graph\">{\"@context\":\"https:\/\/schema.org\",\"@graph\":[{\"@type\":\"WebPage\",\"@id\":\"https:\/\/www.mataroempresa.cat\/es\/els-10-errors-de-lemprenedor-al-accelerar-la-seva-empresa\/\",\"url\":\"https:\/\/www.mataroempresa.cat\/es\/els-10-errors-de-lemprenedor-al-accelerar-la-seva-empresa\/\",\"name\":\"Los 10 errores del emprendedor al acelerar su empresa - Matar\u00f3 Empresa\",\"isPartOf\":{\"@id\":\"https:\/\/www.mataroempresa.cat\/es\/#website\"},\"datePublished\":\"2016-02-04T12:05:28+00:00\",\"dateModified\":\"2016-02-04T12:07:57+00:00\",\"author\":{\"@id\":\"https:\/\/www.mataroempresa.cat\/es\/#\/schema\/person\/9ccc6b9c54d3071ad96aa057f70b63e2\"},\"breadcrumb\":{\"@id\":\"https:\/\/www.mataroempresa.cat\/es\/els-10-errors-de-lemprenedor-al-accelerar-la-seva-empresa\/#breadcrumb\"},\"inLanguage\":\"es-ES\",\"potentialAction\":[{\"@type\":\"ReadAction\",\"target\":[\"https:\/\/www.mataroempresa.cat\/es\/els-10-errors-de-lemprenedor-al-accelerar-la-seva-empresa\/\"]}]},{\"@type\":\"BreadcrumbList\",\"@id\":\"https:\/\/www.mataroempresa.cat\/es\/els-10-errors-de-lemprenedor-al-accelerar-la-seva-empresa\/#breadcrumb\",\"itemListElement\":[{\"@type\":\"ListItem\",\"position\":1,\"name\":\"Inici\",\"item\":\"https:\/\/www.mataroempresa.cat\/es\/\"},{\"@type\":\"ListItem\",\"position\":2,\"name\":\"Los 10 errores del emprendedor al acelerar su empresa\"}]},{\"@type\":\"WebSite\",\"@id\":\"https:\/\/www.mataroempresa.cat\/es\/#website\",\"url\":\"https:\/\/www.mataroempresa.cat\/es\/\",\"name\":\"Matar\u00f3 Empresa\",\"description\":\"Matar\u00f3 Empresa\",\"potentialAction\":[{\"@type\":\"SearchAction\",\"target\":{\"@type\":\"EntryPoint\",\"urlTemplate\":\"https:\/\/www.mataroempresa.cat\/es\/?s={search_term_string}\"},\"query-input\":\"required name=search_term_string\"}],\"inLanguage\":\"es-ES\"},{\"@type\":\"Person\",\"@id\":\"https:\/\/www.mataroempresa.cat\/es\/#\/schema\/person\/9ccc6b9c54d3071ad96aa057f70b63e2\",\"name\":\"Maria Fenollosa\",\"image\":{\"@type\":\"ImageObject\",\"inLanguage\":\"es-ES\",\"@id\":\"https:\/\/www.mataroempresa.cat\/es\/#\/schema\/person\/image\/\",\"url\":\"https:\/\/secure.gravatar.com\/avatar\/a6038ab06b043cd0ecf5ea8ccd6d53a4?s=96&d=mm&r=g\",\"contentUrl\":\"https:\/\/secure.gravatar.com\/avatar\/a6038ab06b043cd0ecf5ea8ccd6d53a4?s=96&d=mm&r=g\",\"caption\":\"Maria Fenollosa\"},\"url\":\"https:\/\/www.mataroempresa.cat\/es\/author\/mfenollosa\/\"}]}<\/script>\n<!-- \/ Yoast SEO plugin. -->","yoast_head_json":{"title":"Los 10 errores del emprendedor al acelerar su empresa - Matar\u00f3 Empresa","robots":{"index":"index","follow":"follow","max-snippet":"max-snippet:-1","max-image-preview":"max-image-preview:large","max-video-preview":"max-video-preview:-1"},"canonical":"https:\/\/www.mataroempresa.cat\/es\/els-10-errors-de-lemprenedor-al-accelerar-la-seva-empresa\/","og_locale":"es_ES","og_type":"article","og_title":"Los 10 errores del emprendedor al acelerar su empresa - Matar\u00f3 Empresa","og_description":"Este d\u00eda 10 de febrero a las 10:00h de la ma\u00f1ana en la Sala Burriac del Tecnocampus hay una reuni\u00f3n dirigida a todas aquellas start-ups catalanas de menos de cinco [&hellip;]","og_url":"https:\/\/www.mataroempresa.cat\/es\/els-10-errors-de-lemprenedor-al-accelerar-la-seva-empresa\/","og_site_name":"Matar\u00f3 Empresa","article_published_time":"2016-02-04T12:05:28+00:00","article_modified_time":"2016-02-04T12:07:57+00:00","author":"Maria Fenollosa","twitter_card":"summary_large_image","twitter_misc":{"Escrito por":"Maria Fenollosa"},"schema":{"@context":"https:\/\/schema.org","@graph":[{"@type":"WebPage","@id":"https:\/\/www.mataroempresa.cat\/es\/els-10-errors-de-lemprenedor-al-accelerar-la-seva-empresa\/","url":"https:\/\/www.mataroempresa.cat\/es\/els-10-errors-de-lemprenedor-al-accelerar-la-seva-empresa\/","name":"Los 10 errores del emprendedor al acelerar su empresa - Matar\u00f3 Empresa","isPartOf":{"@id":"https:\/\/www.mataroempresa.cat\/es\/#website"},"datePublished":"2016-02-04T12:05:28+00:00","dateModified":"2016-02-04T12:07:57+00:00","author":{"@id":"https:\/\/www.mataroempresa.cat\/es\/#\/schema\/person\/9ccc6b9c54d3071ad96aa057f70b63e2"},"breadcrumb":{"@id":"https:\/\/www.mataroempresa.cat\/es\/els-10-errors-de-lemprenedor-al-accelerar-la-seva-empresa\/#breadcrumb"},"inLanguage":"es-ES","potentialAction":[{"@type":"ReadAction","target":["https:\/\/www.mataroempresa.cat\/es\/els-10-errors-de-lemprenedor-al-accelerar-la-seva-empresa\/"]}]},{"@type":"BreadcrumbList","@id":"https:\/\/www.mataroempresa.cat\/es\/els-10-errors-de-lemprenedor-al-accelerar-la-seva-empresa\/#breadcrumb","itemListElement":[{"@type":"ListItem","position":1,"name":"Inici","item":"https:\/\/www.mataroempresa.cat\/es\/"},{"@type":"ListItem","position":2,"name":"Los 10 errores del emprendedor al acelerar su empresa"}]},{"@type":"WebSite","@id":"https:\/\/www.mataroempresa.cat\/es\/#website","url":"https:\/\/www.mataroempresa.cat\/es\/","name":"Matar\u00f3 Empresa","description":"Matar\u00f3 Empresa","potentialAction":[{"@type":"SearchAction","target":{"@type":"EntryPoint","urlTemplate":"https:\/\/www.mataroempresa.cat\/es\/?s={search_term_string}"},"query-input":"required name=search_term_string"}],"inLanguage":"es-ES"},{"@type":"Person","@id":"https:\/\/www.mataroempresa.cat\/es\/#\/schema\/person\/9ccc6b9c54d3071ad96aa057f70b63e2","name":"Maria Fenollosa","image":{"@type":"ImageObject","inLanguage":"es-ES","@id":"https:\/\/www.mataroempresa.cat\/es\/#\/schema\/person\/image\/","url":"https:\/\/secure.gravatar.com\/avatar\/a6038ab06b043cd0ecf5ea8ccd6d53a4?s=96&d=mm&r=g","contentUrl":"https:\/\/secure.gravatar.com\/avatar\/a6038ab06b043cd0ecf5ea8ccd6d53a4?s=96&d=mm&r=g","caption":"Maria Fenollosa"},"url":"https:\/\/www.mataroempresa.cat\/es\/author\/mfenollosa\/"}]}},"_links":{"self":[{"href":"https:\/\/www.mataroempresa.cat\/es\/wp-json\/wp\/v2\/posts\/2844"}],"collection":[{"href":"https:\/\/www.mataroempresa.cat\/es\/wp-json\/wp\/v2\/posts"}],"about":[{"href":"https:\/\/www.mataroempresa.cat\/es\/wp-json\/wp\/v2\/types\/post"}],"author":[{"embeddable":true,"href":"https:\/\/www.mataroempresa.cat\/es\/wp-json\/wp\/v2\/users\/7"}],"replies":[{"embeddable":true,"href":"https:\/\/www.mataroempresa.cat\/es\/wp-json\/wp\/v2\/comments?post=2844"}],"version-history":[{"count":2,"href":"https:\/\/www.mataroempresa.cat\/es\/wp-json\/wp\/v2\/posts\/2844\/revisions"}],"predecessor-version":[{"id":2846,"href":"https:\/\/www.mataroempresa.cat\/es\/wp-json\/wp\/v2\/posts\/2844\/revisions\/2846"}],"wp:attachment":[{"href":"https:\/\/www.mataroempresa.cat\/es\/wp-json\/wp\/v2\/media?parent=2844"}],"wp:term":[{"taxonomy":"category","embeddable":true,"href":"https:\/\/www.mataroempresa.cat\/es\/wp-json\/wp\/v2\/categories?post=2844"},{"taxonomy":"post_tag","embeddable":true,"href":"https:\/\/www.mataroempresa.cat\/es\/wp-json\/wp\/v2\/tags?post=2844"}],"curies":[{"name":"wp","href":"https:\/\/api.w.org\/{rel}","templated":true}]}}