{"id":2861,"date":"2016-02-18T10:32:11","date_gmt":"2016-02-18T10:32:11","guid":{"rendered":"http:\/\/www.mataroempresa.cat\/premis-de-la-fundacio-everis-2016-2\/"},"modified":"2016-02-18T10:36:48","modified_gmt":"2016-02-18T10:36:48","slug":"premis-de-la-fundacio-everis-2016","status":"publish","type":"post","link":"https:\/\/www.mataroempresa.cat\/es\/premis-de-la-fundacio-everis-2016\/","title":{"rendered":"Premios de la Fundaci\u00f3n Everis 2016"},"content":{"rendered":"<p>La <a href=\"http:\/\/es.fundacioneveris.com\/\"><strong><span style=\"text-decoration: underline;\">Fundaci\u00f3n Everis<\/span><\/strong><\/a> pone en marcha el d\u00eda 31 de marzo de 2016 los Premios Everis con el objetivo de facilitar la explotaci\u00f3n de una innovaci\u00f3n tecnol\u00f3gica, de gesti\u00f3n, social o ambiental en cualquier de las categor\u00edas siguientes:<\/p>\n<p>&#8211; Nuevos modelos de negocio en la econom\u00eda digital.<br \/>\n&#8211; Biotecnolog\u00eda y salud.<br \/>\n&#8211; Tecnolog\u00edas industriales y energ\u00e9ticas.<\/p>\n<p>Esta edici\u00f3n tiene una dotaci\u00f3n econ\u00f3mica directa de 60.000 euros y toda una serie de recursos de apoyo valorados en 10.000 euros.<\/p>\n<p>Para m\u00e1s informaci\u00f3n pod\u00e9is consultar las <a href=\"https:\/\/www.premioseveris.es\/#hero\"><strong><span style=\"text-decoration: underline;\">bases del concurso<\/span><\/strong><\/a>.<\/p>\n","protected":false},"excerpt":{"rendered":"<p>La Fundaci\u00f3n Everis pone en marcha el d\u00eda 31 de marzo de 2016 los Premios Everis con el objetivo de facilitar la explotaci\u00f3n de una innovaci\u00f3n tecnol\u00f3gica, de gesti\u00f3n, social [&hellip;]<span class=\"entry-read-more\"><a href=\"https:\/\/www.mataroempresa.cat\/es\/premis-de-la-fundacio-everis-2016\/\" class=\"cs-btn cs-btn-flat cs-btn-rounded cs-btn-xxs cs-btn-flat-accent\">Leer m\u00e1s<\/a><\/span><\/p>\n","protected":false},"author":7,"featured_media":0,"comment_status":"closed","ping_status":"closed","sticky":false,"template":"","format":"standard","meta":{"footnotes":""},"categories":[7],"tags":[],"yoast_head":"<!-- This site is optimized with the Yoast SEO plugin v21.1 - https:\/\/yoast.com\/wordpress\/plugins\/seo\/ -->\n<title>Premios de la Fundaci\u00f3n Everis 2016 - Matar\u00f3 Empresa<\/title>\n<meta name=\"robots\" content=\"index, follow, max-snippet:-1, max-image-preview:large, max-video-preview:-1\" \/>\n<link rel=\"canonical\" href=\"https:\/\/www.mataroempresa.cat\/es\/premis-de-la-fundacio-everis-2016\/\" \/>\n<meta property=\"og:locale\" content=\"es_ES\" \/>\n<meta property=\"og:type\" content=\"article\" \/>\n<meta property=\"og:title\" content=\"Premios de la Fundaci\u00f3n Everis 2016 - Matar\u00f3 Empresa\" \/>\n<meta property=\"og:description\" content=\"La Fundaci\u00f3n Everis pone en marcha el d\u00eda 31 de marzo de 2016 los Premios Everis con el objetivo de facilitar la explotaci\u00f3n de una innovaci\u00f3n tecnol\u00f3gica, de gesti\u00f3n, social [&hellip;]\" \/>\n<meta property=\"og:url\" content=\"https:\/\/www.mataroempresa.cat\/es\/premis-de-la-fundacio-everis-2016\/\" \/>\n<meta property=\"og:site_name\" content=\"Matar\u00f3 Empresa\" \/>\n<meta property=\"article:published_time\" content=\"2016-02-18T10:32:11+00:00\" \/>\n<meta property=\"article:modified_time\" content=\"2016-02-18T10:36:48+00:00\" \/>\n<meta name=\"author\" content=\"Maria Fenollosa\" \/>\n<meta name=\"twitter:card\" content=\"summary_large_image\" \/>\n<meta name=\"twitter:label1\" content=\"Escrito por\" \/>\n\t<meta name=\"twitter:data1\" content=\"Maria Fenollosa\" \/>\n\t<meta name=\"twitter:label2\" content=\"Tiempo de lectura\" \/>\n\t<meta name=\"twitter:data2\" content=\"1 minute\" \/>\n<script type=\"application\/ld+json\" class=\"yoast-schema-graph\">{\"@context\":\"https:\/\/schema.org\",\"@graph\":[{\"@type\":\"WebPage\",\"@id\":\"https:\/\/www.mataroempresa.cat\/es\/premis-de-la-fundacio-everis-2016\/\",\"url\":\"https:\/\/www.mataroempresa.cat\/es\/premis-de-la-fundacio-everis-2016\/\",\"name\":\"Premios de la Fundaci\u00f3n Everis 2016 - Matar\u00f3 Empresa\",\"isPartOf\":{\"@id\":\"https:\/\/www.mataroempresa.cat\/es\/#website\"},\"datePublished\":\"2016-02-18T10:32:11+00:00\",\"dateModified\":\"2016-02-18T10:36:48+00:00\",\"author\":{\"@id\":\"https:\/\/www.mataroempresa.cat\/es\/#\/schema\/person\/9ccc6b9c54d3071ad96aa057f70b63e2\"},\"breadcrumb\":{\"@id\":\"https:\/\/www.mataroempresa.cat\/es\/premis-de-la-fundacio-everis-2016\/#breadcrumb\"},\"inLanguage\":\"es-ES\",\"potentialAction\":[{\"@type\":\"ReadAction\",\"target\":[\"https:\/\/www.mataroempresa.cat\/es\/premis-de-la-fundacio-everis-2016\/\"]}]},{\"@type\":\"BreadcrumbList\",\"@id\":\"https:\/\/www.mataroempresa.cat\/es\/premis-de-la-fundacio-everis-2016\/#breadcrumb\",\"itemListElement\":[{\"@type\":\"ListItem\",\"position\":1,\"name\":\"Inici\",\"item\":\"https:\/\/www.mataroempresa.cat\/es\/\"},{\"@type\":\"ListItem\",\"position\":2,\"name\":\"Premios de la Fundaci\u00f3n Everis 2016\"}]},{\"@type\":\"WebSite\",\"@id\":\"https:\/\/www.mataroempresa.cat\/es\/#website\",\"url\":\"https:\/\/www.mataroempresa.cat\/es\/\",\"name\":\"Matar\u00f3 Empresa\",\"description\":\"Matar\u00f3 Empresa\",\"potentialAction\":[{\"@type\":\"SearchAction\",\"target\":{\"@type\":\"EntryPoint\",\"urlTemplate\":\"https:\/\/www.mataroempresa.cat\/es\/?s={search_term_string}\"},\"query-input\":\"required name=search_term_string\"}],\"inLanguage\":\"es-ES\"},{\"@type\":\"Person\",\"@id\":\"https:\/\/www.mataroempresa.cat\/es\/#\/schema\/person\/9ccc6b9c54d3071ad96aa057f70b63e2\",\"name\":\"Maria Fenollosa\",\"image\":{\"@type\":\"ImageObject\",\"inLanguage\":\"es-ES\",\"@id\":\"https:\/\/www.mataroempresa.cat\/es\/#\/schema\/person\/image\/\",\"url\":\"https:\/\/secure.gravatar.com\/avatar\/a6038ab06b043cd0ecf5ea8ccd6d53a4?s=96&d=mm&r=g\",\"contentUrl\":\"https:\/\/secure.gravatar.com\/avatar\/a6038ab06b043cd0ecf5ea8ccd6d53a4?s=96&d=mm&r=g\",\"caption\":\"Maria Fenollosa\"},\"url\":\"https:\/\/www.mataroempresa.cat\/es\/author\/mfenollosa\/\"}]}<\/script>\n<!-- \/ Yoast SEO plugin. -->","yoast_head_json":{"title":"Premios de la Fundaci\u00f3n Everis 2016 - Matar\u00f3 Empresa","robots":{"index":"index","follow":"follow","max-snippet":"max-snippet:-1","max-image-preview":"max-image-preview:large","max-video-preview":"max-video-preview:-1"},"canonical":"https:\/\/www.mataroempresa.cat\/es\/premis-de-la-fundacio-everis-2016\/","og_locale":"es_ES","og_type":"article","og_title":"Premios de la Fundaci\u00f3n Everis 2016 - Matar\u00f3 Empresa","og_description":"La Fundaci\u00f3n Everis pone en marcha el d\u00eda 31 de marzo de 2016 los Premios Everis con el objetivo de facilitar la explotaci\u00f3n de una innovaci\u00f3n tecnol\u00f3gica, de gesti\u00f3n, social [&hellip;]","og_url":"https:\/\/www.mataroempresa.cat\/es\/premis-de-la-fundacio-everis-2016\/","og_site_name":"Matar\u00f3 Empresa","article_published_time":"2016-02-18T10:32:11+00:00","article_modified_time":"2016-02-18T10:36:48+00:00","author":"Maria Fenollosa","twitter_card":"summary_large_image","twitter_misc":{"Escrito por":"Maria Fenollosa","Tiempo de lectura":"1 minute"},"schema":{"@context":"https:\/\/schema.org","@graph":[{"@type":"WebPage","@id":"https:\/\/www.mataroempresa.cat\/es\/premis-de-la-fundacio-everis-2016\/","url":"https:\/\/www.mataroempresa.cat\/es\/premis-de-la-fundacio-everis-2016\/","name":"Premios de la Fundaci\u00f3n Everis 2016 - Matar\u00f3 Empresa","isPartOf":{"@id":"https:\/\/www.mataroempresa.cat\/es\/#website"},"datePublished":"2016-02-18T10:32:11+00:00","dateModified":"2016-02-18T10:36:48+00:00","author":{"@id":"https:\/\/www.mataroempresa.cat\/es\/#\/schema\/person\/9ccc6b9c54d3071ad96aa057f70b63e2"},"breadcrumb":{"@id":"https:\/\/www.mataroempresa.cat\/es\/premis-de-la-fundacio-everis-2016\/#breadcrumb"},"inLanguage":"es-ES","potentialAction":[{"@type":"ReadAction","target":["https:\/\/www.mataroempresa.cat\/es\/premis-de-la-fundacio-everis-2016\/"]}]},{"@type":"BreadcrumbList","@id":"https:\/\/www.mataroempresa.cat\/es\/premis-de-la-fundacio-everis-2016\/#breadcrumb","itemListElement":[{"@type":"ListItem","position":1,"name":"Inici","item":"https:\/\/www.mataroempresa.cat\/es\/"},{"@type":"ListItem","position":2,"name":"Premios de la Fundaci\u00f3n Everis 2016"}]},{"@type":"WebSite","@id":"https:\/\/www.mataroempresa.cat\/es\/#website","url":"https:\/\/www.mataroempresa.cat\/es\/","name":"Matar\u00f3 Empresa","description":"Matar\u00f3 Empresa","potentialAction":[{"@type":"SearchAction","target":{"@type":"EntryPoint","urlTemplate":"https:\/\/www.mataroempresa.cat\/es\/?s={search_term_string}"},"query-input":"required name=search_term_string"}],"inLanguage":"es-ES"},{"@type":"Person","@id":"https:\/\/www.mataroempresa.cat\/es\/#\/schema\/person\/9ccc6b9c54d3071ad96aa057f70b63e2","name":"Maria Fenollosa","image":{"@type":"ImageObject","inLanguage":"es-ES","@id":"https:\/\/www.mataroempresa.cat\/es\/#\/schema\/person\/image\/","url":"https:\/\/secure.gravatar.com\/avatar\/a6038ab06b043cd0ecf5ea8ccd6d53a4?s=96&d=mm&r=g","contentUrl":"https:\/\/secure.gravatar.com\/avatar\/a6038ab06b043cd0ecf5ea8ccd6d53a4?s=96&d=mm&r=g","caption":"Maria Fenollosa"},"url":"https:\/\/www.mataroempresa.cat\/es\/author\/mfenollosa\/"}]}},"_links":{"self":[{"href":"https:\/\/www.mataroempresa.cat\/es\/wp-json\/wp\/v2\/posts\/2861"}],"collection":[{"href":"https:\/\/www.mataroempresa.cat\/es\/wp-json\/wp\/v2\/posts"}],"about":[{"href":"https:\/\/www.mataroempresa.cat\/es\/wp-json\/wp\/v2\/types\/post"}],"author":[{"embeddable":true,"href":"https:\/\/www.mataroempresa.cat\/es\/wp-json\/wp\/v2\/users\/7"}],"replies":[{"embeddable":true,"href":"https:\/\/www.mataroempresa.cat\/es\/wp-json\/wp\/v2\/comments?post=2861"}],"version-history":[{"count":2,"href":"https:\/\/www.mataroempresa.cat\/es\/wp-json\/wp\/v2\/posts\/2861\/revisions"}],"predecessor-version":[{"id":2863,"href":"https:\/\/www.mataroempresa.cat\/es\/wp-json\/wp\/v2\/posts\/2861\/revisions\/2863"}],"wp:attachment":[{"href":"https:\/\/www.mataroempresa.cat\/es\/wp-json\/wp\/v2\/media?parent=2861"}],"wp:term":[{"taxonomy":"category","embeddable":true,"href":"https:\/\/www.mataroempresa.cat\/es\/wp-json\/wp\/v2\/categories?post=2861"},{"taxonomy":"post_tag","embeddable":true,"href":"https:\/\/www.mataroempresa.cat\/es\/wp-json\/wp\/v2\/tags?post=2861"}],"curies":[{"name":"wp","href":"https:\/\/api.w.org\/{rel}","templated":true}]}}