{"id":2888,"date":"2016-02-22T10:26:16","date_gmt":"2016-02-22T10:26:16","guid":{"rendered":"http:\/\/www.mataroempresa.cat\/convocatoria_cosme-bens-de-consum-basats-en-el-disseny-2\/"},"modified":"2016-02-22T10:28:45","modified_gmt":"2016-02-22T10:28:45","slug":"convocatoria_cosme-bens-de-consum-basats-en-el-disseny","status":"publish","type":"post","link":"https:\/\/www.mataroempresa.cat\/es\/convocatoria_cosme-bens-de-consum-basats-en-el-disseny\/","title":{"rendered":"Convocatoria_COSME: Bienes de consumo basados en el dise\u00f1o"},"content":{"rendered":"<p>El objetivo de esta convocatoria es reducir el tiempo de salida al mercado de soluciones innovadoras de bienes de consumo basados en el dise\u00f1o. As\u00ed, se quiere eliminar los obst\u00e1culos para una aplicaci\u00f3n m\u00e1s amplia de soluciones creativas, crear o ampliar los mercados para los productos relacionados (o servicios) y, finalmente, mejorar la competitividad de las PYMES europeas en los mercados mundiales.<\/p>\n<p>Est\u00e1 dirigida a las Pymes, estas se pueden presentarse solas o formando parte de un consorcio con otras entidades privadas o p\u00fablicas.<\/p>\n<p>Para m\u00e1s informaci\u00f3n sobre este acto presione\u00a0<a href=\"https:\/\/ec.europa.eu\/easme\/en\/cos-design-2015-3-06-design-based-consumer-goods-ii\"><span style=\"text-decoration: underline;\"><strong>aqu\u00ed<\/strong><\/span><\/a>.<\/p>\n","protected":false},"excerpt":{"rendered":"<p>El objetivo de esta convocatoria es reducir el tiempo de salida al mercado de soluciones innovadoras de bienes de consumo basados en el dise\u00f1o. As\u00ed, se quiere eliminar los obst\u00e1culos [&hellip;]<span class=\"entry-read-more\"><a href=\"https:\/\/www.mataroempresa.cat\/es\/convocatoria_cosme-bens-de-consum-basats-en-el-disseny\/\" class=\"cs-btn cs-btn-flat cs-btn-rounded cs-btn-xxs cs-btn-flat-accent\">Leer m\u00e1s<\/a><\/span><\/p>\n","protected":false},"author":7,"featured_media":0,"comment_status":"closed","ping_status":"closed","sticky":false,"template":"","format":"standard","meta":{"footnotes":""},"categories":[7],"tags":[],"yoast_head":"<!-- This site is optimized with the Yoast SEO plugin v21.1 - https:\/\/yoast.com\/wordpress\/plugins\/seo\/ -->\n<title>Convocatoria_COSME: Bienes de consumo basados en el dise\u00f1o  - Matar\u00f3 Empresa<\/title>\n<meta name=\"robots\" content=\"index, follow, max-snippet:-1, max-image-preview:large, max-video-preview:-1\" \/>\n<link rel=\"canonical\" href=\"https:\/\/www.mataroempresa.cat\/es\/convocatoria_cosme-bens-de-consum-basats-en-el-disseny\/\" \/>\n<meta property=\"og:locale\" content=\"es_ES\" \/>\n<meta property=\"og:type\" content=\"article\" \/>\n<meta property=\"og:title\" content=\"Convocatoria_COSME: Bienes de consumo basados en el dise\u00f1o  - Matar\u00f3 Empresa\" \/>\n<meta property=\"og:description\" content=\"El objetivo de esta convocatoria es reducir el tiempo de salida al mercado de soluciones innovadoras de bienes de consumo basados en el dise\u00f1o. As\u00ed, se quiere eliminar los obst\u00e1culos [&hellip;]\" \/>\n<meta property=\"og:url\" content=\"https:\/\/www.mataroempresa.cat\/es\/convocatoria_cosme-bens-de-consum-basats-en-el-disseny\/\" \/>\n<meta property=\"og:site_name\" content=\"Matar\u00f3 Empresa\" \/>\n<meta property=\"article:published_time\" content=\"2016-02-22T10:26:16+00:00\" \/>\n<meta property=\"article:modified_time\" content=\"2016-02-22T10:28:45+00:00\" \/>\n<meta name=\"author\" content=\"Maria Fenollosa\" \/>\n<meta name=\"twitter:card\" content=\"summary_large_image\" \/>\n<meta name=\"twitter:label1\" content=\"Escrito por\" \/>\n\t<meta name=\"twitter:data1\" content=\"Maria Fenollosa\" \/>\n<script type=\"application\/ld+json\" class=\"yoast-schema-graph\">{\"@context\":\"https:\/\/schema.org\",\"@graph\":[{\"@type\":\"WebPage\",\"@id\":\"https:\/\/www.mataroempresa.cat\/es\/convocatoria_cosme-bens-de-consum-basats-en-el-disseny\/\",\"url\":\"https:\/\/www.mataroempresa.cat\/es\/convocatoria_cosme-bens-de-consum-basats-en-el-disseny\/\",\"name\":\"Convocatoria_COSME: Bienes de consumo basados en el dise\u00f1o - Matar\u00f3 Empresa\",\"isPartOf\":{\"@id\":\"https:\/\/www.mataroempresa.cat\/es\/#website\"},\"datePublished\":\"2016-02-22T10:26:16+00:00\",\"dateModified\":\"2016-02-22T10:28:45+00:00\",\"author\":{\"@id\":\"https:\/\/www.mataroempresa.cat\/es\/#\/schema\/person\/9ccc6b9c54d3071ad96aa057f70b63e2\"},\"breadcrumb\":{\"@id\":\"https:\/\/www.mataroempresa.cat\/es\/convocatoria_cosme-bens-de-consum-basats-en-el-disseny\/#breadcrumb\"},\"inLanguage\":\"es-ES\",\"potentialAction\":[{\"@type\":\"ReadAction\",\"target\":[\"https:\/\/www.mataroempresa.cat\/es\/convocatoria_cosme-bens-de-consum-basats-en-el-disseny\/\"]}]},{\"@type\":\"BreadcrumbList\",\"@id\":\"https:\/\/www.mataroempresa.cat\/es\/convocatoria_cosme-bens-de-consum-basats-en-el-disseny\/#breadcrumb\",\"itemListElement\":[{\"@type\":\"ListItem\",\"position\":1,\"name\":\"Inici\",\"item\":\"https:\/\/www.mataroempresa.cat\/es\/\"},{\"@type\":\"ListItem\",\"position\":2,\"name\":\"Convocatoria_COSME: Bienes de consumo basados en el dise\u00f1o\"}]},{\"@type\":\"WebSite\",\"@id\":\"https:\/\/www.mataroempresa.cat\/es\/#website\",\"url\":\"https:\/\/www.mataroempresa.cat\/es\/\",\"name\":\"Matar\u00f3 Empresa\",\"description\":\"Matar\u00f3 Empresa\",\"potentialAction\":[{\"@type\":\"SearchAction\",\"target\":{\"@type\":\"EntryPoint\",\"urlTemplate\":\"https:\/\/www.mataroempresa.cat\/es\/?s={search_term_string}\"},\"query-input\":\"required name=search_term_string\"}],\"inLanguage\":\"es-ES\"},{\"@type\":\"Person\",\"@id\":\"https:\/\/www.mataroempresa.cat\/es\/#\/schema\/person\/9ccc6b9c54d3071ad96aa057f70b63e2\",\"name\":\"Maria Fenollosa\",\"image\":{\"@type\":\"ImageObject\",\"inLanguage\":\"es-ES\",\"@id\":\"https:\/\/www.mataroempresa.cat\/es\/#\/schema\/person\/image\/\",\"url\":\"https:\/\/secure.gravatar.com\/avatar\/a6038ab06b043cd0ecf5ea8ccd6d53a4?s=96&d=mm&r=g\",\"contentUrl\":\"https:\/\/secure.gravatar.com\/avatar\/a6038ab06b043cd0ecf5ea8ccd6d53a4?s=96&d=mm&r=g\",\"caption\":\"Maria Fenollosa\"},\"url\":\"https:\/\/www.mataroempresa.cat\/es\/author\/mfenollosa\/\"}]}<\/script>\n<!-- \/ Yoast SEO plugin. -->","yoast_head_json":{"title":"Convocatoria_COSME: Bienes de consumo basados en el dise\u00f1o  - Matar\u00f3 Empresa","robots":{"index":"index","follow":"follow","max-snippet":"max-snippet:-1","max-image-preview":"max-image-preview:large","max-video-preview":"max-video-preview:-1"},"canonical":"https:\/\/www.mataroempresa.cat\/es\/convocatoria_cosme-bens-de-consum-basats-en-el-disseny\/","og_locale":"es_ES","og_type":"article","og_title":"Convocatoria_COSME: Bienes de consumo basados en el dise\u00f1o  - Matar\u00f3 Empresa","og_description":"El objetivo de esta convocatoria es reducir el tiempo de salida al mercado de soluciones innovadoras de bienes de consumo basados en el dise\u00f1o. As\u00ed, se quiere eliminar los obst\u00e1culos [&hellip;]","og_url":"https:\/\/www.mataroempresa.cat\/es\/convocatoria_cosme-bens-de-consum-basats-en-el-disseny\/","og_site_name":"Matar\u00f3 Empresa","article_published_time":"2016-02-22T10:26:16+00:00","article_modified_time":"2016-02-22T10:28:45+00:00","author":"Maria Fenollosa","twitter_card":"summary_large_image","twitter_misc":{"Escrito por":"Maria Fenollosa"},"schema":{"@context":"https:\/\/schema.org","@graph":[{"@type":"WebPage","@id":"https:\/\/www.mataroempresa.cat\/es\/convocatoria_cosme-bens-de-consum-basats-en-el-disseny\/","url":"https:\/\/www.mataroempresa.cat\/es\/convocatoria_cosme-bens-de-consum-basats-en-el-disseny\/","name":"Convocatoria_COSME: Bienes de consumo basados en el dise\u00f1o - Matar\u00f3 Empresa","isPartOf":{"@id":"https:\/\/www.mataroempresa.cat\/es\/#website"},"datePublished":"2016-02-22T10:26:16+00:00","dateModified":"2016-02-22T10:28:45+00:00","author":{"@id":"https:\/\/www.mataroempresa.cat\/es\/#\/schema\/person\/9ccc6b9c54d3071ad96aa057f70b63e2"},"breadcrumb":{"@id":"https:\/\/www.mataroempresa.cat\/es\/convocatoria_cosme-bens-de-consum-basats-en-el-disseny\/#breadcrumb"},"inLanguage":"es-ES","potentialAction":[{"@type":"ReadAction","target":["https:\/\/www.mataroempresa.cat\/es\/convocatoria_cosme-bens-de-consum-basats-en-el-disseny\/"]}]},{"@type":"BreadcrumbList","@id":"https:\/\/www.mataroempresa.cat\/es\/convocatoria_cosme-bens-de-consum-basats-en-el-disseny\/#breadcrumb","itemListElement":[{"@type":"ListItem","position":1,"name":"Inici","item":"https:\/\/www.mataroempresa.cat\/es\/"},{"@type":"ListItem","position":2,"name":"Convocatoria_COSME: Bienes de consumo basados en el dise\u00f1o"}]},{"@type":"WebSite","@id":"https:\/\/www.mataroempresa.cat\/es\/#website","url":"https:\/\/www.mataroempresa.cat\/es\/","name":"Matar\u00f3 Empresa","description":"Matar\u00f3 Empresa","potentialAction":[{"@type":"SearchAction","target":{"@type":"EntryPoint","urlTemplate":"https:\/\/www.mataroempresa.cat\/es\/?s={search_term_string}"},"query-input":"required name=search_term_string"}],"inLanguage":"es-ES"},{"@type":"Person","@id":"https:\/\/www.mataroempresa.cat\/es\/#\/schema\/person\/9ccc6b9c54d3071ad96aa057f70b63e2","name":"Maria Fenollosa","image":{"@type":"ImageObject","inLanguage":"es-ES","@id":"https:\/\/www.mataroempresa.cat\/es\/#\/schema\/person\/image\/","url":"https:\/\/secure.gravatar.com\/avatar\/a6038ab06b043cd0ecf5ea8ccd6d53a4?s=96&d=mm&r=g","contentUrl":"https:\/\/secure.gravatar.com\/avatar\/a6038ab06b043cd0ecf5ea8ccd6d53a4?s=96&d=mm&r=g","caption":"Maria Fenollosa"},"url":"https:\/\/www.mataroempresa.cat\/es\/author\/mfenollosa\/"}]}},"_links":{"self":[{"href":"https:\/\/www.mataroempresa.cat\/es\/wp-json\/wp\/v2\/posts\/2888"}],"collection":[{"href":"https:\/\/www.mataroempresa.cat\/es\/wp-json\/wp\/v2\/posts"}],"about":[{"href":"https:\/\/www.mataroempresa.cat\/es\/wp-json\/wp\/v2\/types\/post"}],"author":[{"embeddable":true,"href":"https:\/\/www.mataroempresa.cat\/es\/wp-json\/wp\/v2\/users\/7"}],"replies":[{"embeddable":true,"href":"https:\/\/www.mataroempresa.cat\/es\/wp-json\/wp\/v2\/comments?post=2888"}],"version-history":[{"count":2,"href":"https:\/\/www.mataroempresa.cat\/es\/wp-json\/wp\/v2\/posts\/2888\/revisions"}],"predecessor-version":[{"id":2890,"href":"https:\/\/www.mataroempresa.cat\/es\/wp-json\/wp\/v2\/posts\/2888\/revisions\/2890"}],"wp:attachment":[{"href":"https:\/\/www.mataroempresa.cat\/es\/wp-json\/wp\/v2\/media?parent=2888"}],"wp:term":[{"taxonomy":"category","embeddable":true,"href":"https:\/\/www.mataroempresa.cat\/es\/wp-json\/wp\/v2\/categories?post=2888"},{"taxonomy":"post_tag","embeddable":true,"href":"https:\/\/www.mataroempresa.cat\/es\/wp-json\/wp\/v2\/tags?post=2888"}],"curies":[{"name":"wp","href":"https:\/\/api.w.org\/{rel}","templated":true}]}}