{"id":3234,"date":"2016-12-02T10:38:35","date_gmt":"2016-12-02T10:38:35","guid":{"rendered":"http:\/\/www.mataroempresa.cat\/?p=3234"},"modified":"2016-12-02T10:38:35","modified_gmt":"2016-12-02T10:38:35","slug":"acreditacion-de-comunidades-ris3cat-y-seleccion-de-proyectos-colaborativos-de-idi","status":"publish","type":"post","link":"https:\/\/www.mataroempresa.cat\/es\/acreditacion-de-comunidades-ris3cat-y-seleccion-de-proyectos-colaborativos-de-idi\/","title":{"rendered":"Acreditaci\u00f3n de comunidades RIS3CAT y selecci\u00f3n de proyectos colaborativos de I+D+I"},"content":{"rendered":"<p>Las comunidades <strong>RIS3CAT<\/strong> son una nueva ayuda europea, que ofrece apoyo a las empresas con proyectos de I+D+I a partir de 200.000 euros por los procesos de innovaci\u00f3n y de 1 mill\u00f3n de euros para los proyectos de I+D+I, y que cuenten con la participaci\u00f3n de entre 1 y 12 empresas. Tiene un presupuesto de <strong>26 millones de euros<\/strong>, con un\u00a0<strong>afianzamiento del 50%.<\/strong><\/p>\n<p><strong>Plazo<\/strong>: Hasta el 31 de enero del 2017<\/p>\n<p><a href=\"https:\/\/canalempresa.gencat.cat\/ca\/detall\/acreditacio-comunitats-RIS3CAT-seleccio-projectes-col-laboratius-R-D-I\" target=\"_blank\"><strong>M\u00e1s informaci\u00f3n aqu\u00ed.<\/strong><\/a><\/p>\n","protected":false},"excerpt":{"rendered":"<p>Las comunidades RIS3CAT son una nueva ayuda europea, que ofrece apoyo a las empresas con proyectos de I+D+I a partir de 200.000 euros por los procesos de innovaci\u00f3n y de [&hellip;]<span class=\"entry-read-more\"><a href=\"https:\/\/www.mataroempresa.cat\/es\/acreditacion-de-comunidades-ris3cat-y-seleccion-de-proyectos-colaborativos-de-idi\/\" class=\"cs-btn cs-btn-flat cs-btn-rounded cs-btn-xxs cs-btn-flat-accent\">Leer m\u00e1s<\/a><\/span><\/p>\n","protected":false},"author":3,"featured_media":0,"comment_status":"closed","ping_status":"closed","sticky":false,"template":"","format":"standard","meta":{"footnotes":""},"categories":[7],"tags":[],"yoast_head":"<!-- This site is optimized with the Yoast SEO plugin v21.1 - https:\/\/yoast.com\/wordpress\/plugins\/seo\/ -->\n<title>Acreditaci\u00f3n de comunidades RIS3CAT y selecci\u00f3n de proyectos colaborativos de I+D+I - Matar\u00f3 Empresa<\/title>\n<meta name=\"robots\" content=\"index, follow, max-snippet:-1, max-image-preview:large, max-video-preview:-1\" \/>\n<link rel=\"canonical\" href=\"https:\/\/www.mataroempresa.cat\/es\/acreditacion-de-comunidades-ris3cat-y-seleccion-de-proyectos-colaborativos-de-idi\/\" \/>\n<meta property=\"og:locale\" content=\"es_ES\" \/>\n<meta property=\"og:type\" content=\"article\" \/>\n<meta property=\"og:title\" content=\"Acreditaci\u00f3n de comunidades RIS3CAT y selecci\u00f3n de proyectos colaborativos de I+D+I - Matar\u00f3 Empresa\" \/>\n<meta property=\"og:description\" content=\"Las comunidades RIS3CAT son una nueva ayuda europea, que ofrece apoyo a las empresas con proyectos de I+D+I a partir de 200.000 euros por los procesos de innovaci\u00f3n y de [&hellip;]\" \/>\n<meta property=\"og:url\" content=\"https:\/\/www.mataroempresa.cat\/es\/acreditacion-de-comunidades-ris3cat-y-seleccion-de-proyectos-colaborativos-de-idi\/\" \/>\n<meta property=\"og:site_name\" content=\"Matar\u00f3 Empresa\" \/>\n<meta property=\"article:published_time\" content=\"2016-12-02T10:38:35+00:00\" \/>\n<meta name=\"author\" content=\"Carme Navas\" \/>\n<meta name=\"twitter:card\" content=\"summary_large_image\" \/>\n<meta name=\"twitter:label1\" content=\"Escrito por\" \/>\n\t<meta name=\"twitter:data1\" content=\"Carme Navas\" \/>\n<script type=\"application\/ld+json\" class=\"yoast-schema-graph\">{\"@context\":\"https:\/\/schema.org\",\"@graph\":[{\"@type\":\"WebPage\",\"@id\":\"https:\/\/www.mataroempresa.cat\/es\/acreditacion-de-comunidades-ris3cat-y-seleccion-de-proyectos-colaborativos-de-idi\/\",\"url\":\"https:\/\/www.mataroempresa.cat\/es\/acreditacion-de-comunidades-ris3cat-y-seleccion-de-proyectos-colaborativos-de-idi\/\",\"name\":\"Acreditaci\u00f3n de comunidades RIS3CAT y selecci\u00f3n de proyectos colaborativos de I+D+I - Matar\u00f3 Empresa\",\"isPartOf\":{\"@id\":\"https:\/\/www.mataroempresa.cat\/es\/#website\"},\"datePublished\":\"2016-12-02T10:38:35+00:00\",\"dateModified\":\"2016-12-02T10:38:35+00:00\",\"author\":{\"@id\":\"https:\/\/www.mataroempresa.cat\/es\/#\/schema\/person\/d3fb1bc92015affcf7834a96f57e0170\"},\"breadcrumb\":{\"@id\":\"https:\/\/www.mataroempresa.cat\/es\/acreditacion-de-comunidades-ris3cat-y-seleccion-de-proyectos-colaborativos-de-idi\/#breadcrumb\"},\"inLanguage\":\"es-ES\",\"potentialAction\":[{\"@type\":\"ReadAction\",\"target\":[\"https:\/\/www.mataroempresa.cat\/es\/acreditacion-de-comunidades-ris3cat-y-seleccion-de-proyectos-colaborativos-de-idi\/\"]}]},{\"@type\":\"BreadcrumbList\",\"@id\":\"https:\/\/www.mataroempresa.cat\/es\/acreditacion-de-comunidades-ris3cat-y-seleccion-de-proyectos-colaborativos-de-idi\/#breadcrumb\",\"itemListElement\":[{\"@type\":\"ListItem\",\"position\":1,\"name\":\"Inici\",\"item\":\"https:\/\/www.mataroempresa.cat\/es\/\"},{\"@type\":\"ListItem\",\"position\":2,\"name\":\"Acreditaci\u00f3n de comunidades RIS3CAT y selecci\u00f3n de proyectos colaborativos de I+D+I\"}]},{\"@type\":\"WebSite\",\"@id\":\"https:\/\/www.mataroempresa.cat\/es\/#website\",\"url\":\"https:\/\/www.mataroempresa.cat\/es\/\",\"name\":\"Matar\u00f3 Empresa\",\"description\":\"Matar\u00f3 Empresa\",\"potentialAction\":[{\"@type\":\"SearchAction\",\"target\":{\"@type\":\"EntryPoint\",\"urlTemplate\":\"https:\/\/www.mataroempresa.cat\/es\/?s={search_term_string}\"},\"query-input\":\"required name=search_term_string\"}],\"inLanguage\":\"es-ES\"},{\"@type\":\"Person\",\"@id\":\"https:\/\/www.mataroempresa.cat\/es\/#\/schema\/person\/d3fb1bc92015affcf7834a96f57e0170\",\"name\":\"Carme Navas\",\"image\":{\"@type\":\"ImageObject\",\"inLanguage\":\"es-ES\",\"@id\":\"https:\/\/www.mataroempresa.cat\/es\/#\/schema\/person\/image\/\",\"url\":\"https:\/\/secure.gravatar.com\/avatar\/61679110e418750597df6f6187929ebe?s=96&d=mm&r=g\",\"contentUrl\":\"https:\/\/secure.gravatar.com\/avatar\/61679110e418750597df6f6187929ebe?s=96&d=mm&r=g\",\"caption\":\"Carme Navas\"},\"url\":\"https:\/\/www.mataroempresa.cat\/es\/author\/cnavas\/\"}]}<\/script>\n<!-- \/ Yoast SEO plugin. -->","yoast_head_json":{"title":"Acreditaci\u00f3n de comunidades RIS3CAT y selecci\u00f3n de proyectos colaborativos de I+D+I - Matar\u00f3 Empresa","robots":{"index":"index","follow":"follow","max-snippet":"max-snippet:-1","max-image-preview":"max-image-preview:large","max-video-preview":"max-video-preview:-1"},"canonical":"https:\/\/www.mataroempresa.cat\/es\/acreditacion-de-comunidades-ris3cat-y-seleccion-de-proyectos-colaborativos-de-idi\/","og_locale":"es_ES","og_type":"article","og_title":"Acreditaci\u00f3n de comunidades RIS3CAT y selecci\u00f3n de proyectos colaborativos de I+D+I - Matar\u00f3 Empresa","og_description":"Las comunidades RIS3CAT son una nueva ayuda europea, que ofrece apoyo a las empresas con proyectos de I+D+I a partir de 200.000 euros por los procesos de innovaci\u00f3n y de [&hellip;]","og_url":"https:\/\/www.mataroempresa.cat\/es\/acreditacion-de-comunidades-ris3cat-y-seleccion-de-proyectos-colaborativos-de-idi\/","og_site_name":"Matar\u00f3 Empresa","article_published_time":"2016-12-02T10:38:35+00:00","author":"Carme Navas","twitter_card":"summary_large_image","twitter_misc":{"Escrito por":"Carme Navas"},"schema":{"@context":"https:\/\/schema.org","@graph":[{"@type":"WebPage","@id":"https:\/\/www.mataroempresa.cat\/es\/acreditacion-de-comunidades-ris3cat-y-seleccion-de-proyectos-colaborativos-de-idi\/","url":"https:\/\/www.mataroempresa.cat\/es\/acreditacion-de-comunidades-ris3cat-y-seleccion-de-proyectos-colaborativos-de-idi\/","name":"Acreditaci\u00f3n de comunidades RIS3CAT y selecci\u00f3n de proyectos colaborativos de I+D+I - Matar\u00f3 Empresa","isPartOf":{"@id":"https:\/\/www.mataroempresa.cat\/es\/#website"},"datePublished":"2016-12-02T10:38:35+00:00","dateModified":"2016-12-02T10:38:35+00:00","author":{"@id":"https:\/\/www.mataroempresa.cat\/es\/#\/schema\/person\/d3fb1bc92015affcf7834a96f57e0170"},"breadcrumb":{"@id":"https:\/\/www.mataroempresa.cat\/es\/acreditacion-de-comunidades-ris3cat-y-seleccion-de-proyectos-colaborativos-de-idi\/#breadcrumb"},"inLanguage":"es-ES","potentialAction":[{"@type":"ReadAction","target":["https:\/\/www.mataroempresa.cat\/es\/acreditacion-de-comunidades-ris3cat-y-seleccion-de-proyectos-colaborativos-de-idi\/"]}]},{"@type":"BreadcrumbList","@id":"https:\/\/www.mataroempresa.cat\/es\/acreditacion-de-comunidades-ris3cat-y-seleccion-de-proyectos-colaborativos-de-idi\/#breadcrumb","itemListElement":[{"@type":"ListItem","position":1,"name":"Inici","item":"https:\/\/www.mataroempresa.cat\/es\/"},{"@type":"ListItem","position":2,"name":"Acreditaci\u00f3n de comunidades RIS3CAT y selecci\u00f3n de proyectos colaborativos de I+D+I"}]},{"@type":"WebSite","@id":"https:\/\/www.mataroempresa.cat\/es\/#website","url":"https:\/\/www.mataroempresa.cat\/es\/","name":"Matar\u00f3 Empresa","description":"Matar\u00f3 Empresa","potentialAction":[{"@type":"SearchAction","target":{"@type":"EntryPoint","urlTemplate":"https:\/\/www.mataroempresa.cat\/es\/?s={search_term_string}"},"query-input":"required name=search_term_string"}],"inLanguage":"es-ES"},{"@type":"Person","@id":"https:\/\/www.mataroempresa.cat\/es\/#\/schema\/person\/d3fb1bc92015affcf7834a96f57e0170","name":"Carme Navas","image":{"@type":"ImageObject","inLanguage":"es-ES","@id":"https:\/\/www.mataroempresa.cat\/es\/#\/schema\/person\/image\/","url":"https:\/\/secure.gravatar.com\/avatar\/61679110e418750597df6f6187929ebe?s=96&d=mm&r=g","contentUrl":"https:\/\/secure.gravatar.com\/avatar\/61679110e418750597df6f6187929ebe?s=96&d=mm&r=g","caption":"Carme Navas"},"url":"https:\/\/www.mataroempresa.cat\/es\/author\/cnavas\/"}]}},"_links":{"self":[{"href":"https:\/\/www.mataroempresa.cat\/es\/wp-json\/wp\/v2\/posts\/3234"}],"collection":[{"href":"https:\/\/www.mataroempresa.cat\/es\/wp-json\/wp\/v2\/posts"}],"about":[{"href":"https:\/\/www.mataroempresa.cat\/es\/wp-json\/wp\/v2\/types\/post"}],"author":[{"embeddable":true,"href":"https:\/\/www.mataroempresa.cat\/es\/wp-json\/wp\/v2\/users\/3"}],"replies":[{"embeddable":true,"href":"https:\/\/www.mataroempresa.cat\/es\/wp-json\/wp\/v2\/comments?post=3234"}],"version-history":[{"count":1,"href":"https:\/\/www.mataroempresa.cat\/es\/wp-json\/wp\/v2\/posts\/3234\/revisions"}],"predecessor-version":[{"id":3235,"href":"https:\/\/www.mataroempresa.cat\/es\/wp-json\/wp\/v2\/posts\/3234\/revisions\/3235"}],"wp:attachment":[{"href":"https:\/\/www.mataroempresa.cat\/es\/wp-json\/wp\/v2\/media?parent=3234"}],"wp:term":[{"taxonomy":"category","embeddable":true,"href":"https:\/\/www.mataroempresa.cat\/es\/wp-json\/wp\/v2\/categories?post=3234"},{"taxonomy":"post_tag","embeddable":true,"href":"https:\/\/www.mataroempresa.cat\/es\/wp-json\/wp\/v2\/tags?post=3234"}],"curies":[{"name":"wp","href":"https:\/\/api.w.org\/{rel}","templated":true}]}}