{"id":3313,"date":"2017-01-31T12:20:30","date_gmt":"2017-01-31T12:20:30","guid":{"rendered":"http:\/\/www.mataroempresa.cat\/?p=3313"},"modified":"2017-01-31T12:20:30","modified_gmt":"2017-01-31T12:20:30","slug":"jornadas-como-controlar-la-gestion-de-mi-comercio","status":"publish","type":"post","link":"https:\/\/www.mataroempresa.cat\/es\/jornadas-como-controlar-la-gestion-de-mi-comercio\/","title":{"rendered":"Jornadas: &#8220;Como controlar la gesti\u00f3n de mi comercio?&#8221;"},"content":{"rendered":"<p>A lo largo \u00a0del mes de enero y febrero se celebrar\u00e1n una serie de jornadas sobre la gesti\u00f3n de comercios, impartidas por <strong>Jordi Becaria Martinez<\/strong>, economista colegiado 13.071.<\/p>\n<p>Durante las sesiones se aprender\u00e1 las <strong>finanzas b\u00e1sicas<\/strong> de un negocio minorista: Cuenta de resultados, balance de situaci\u00f3n y plan de tesorer\u00eda. Se entender\u00e1 que es la <strong>rentabilidad<\/strong> y c\u00f3mo se consigue y, finalmente, se conocer\u00e1n diferentes indicadores que permiten a<strong>utodiagnosticarse la marcha de la empresa<\/strong>.<\/p>\n<p><strong><a href=\"http:\/\/www.ccam.cat\/ca\/Cos\/areesactuacio:comerc:formacio:Gestio_comerc\" target=\"_blank\">Consulta m\u00e1s informaci\u00f3n e inscripciones aqu\u00ed.<\/a><\/strong><\/p>\n","protected":false},"excerpt":{"rendered":"<p>A lo largo \u00a0del mes de enero y febrero se celebrar\u00e1n una serie de jornadas sobre la gesti\u00f3n de comercios, impartidas por Jordi Becaria Martinez, economista colegiado 13.071. Durante las [&hellip;]<span class=\"entry-read-more\"><a href=\"https:\/\/www.mataroempresa.cat\/es\/jornadas-como-controlar-la-gestion-de-mi-comercio\/\" class=\"cs-btn cs-btn-flat cs-btn-rounded cs-btn-xxs cs-btn-flat-accent\">Leer m\u00e1s<\/a><\/span><\/p>\n","protected":false},"author":3,"featured_media":0,"comment_status":"closed","ping_status":"closed","sticky":false,"template":"","format":"standard","meta":{"footnotes":""},"categories":[7],"tags":[],"yoast_head":"<!-- This site is optimized with the Yoast SEO plugin v21.1 - https:\/\/yoast.com\/wordpress\/plugins\/seo\/ -->\n<title>Jornadas: &quot;Como controlar la gesti\u00f3n de mi comercio?&quot; - Matar\u00f3 Empresa<\/title>\n<meta name=\"robots\" content=\"index, follow, max-snippet:-1, max-image-preview:large, max-video-preview:-1\" \/>\n<link rel=\"canonical\" href=\"https:\/\/www.mataroempresa.cat\/es\/jornadas-como-controlar-la-gestion-de-mi-comercio\/\" \/>\n<meta property=\"og:locale\" content=\"es_ES\" \/>\n<meta property=\"og:type\" content=\"article\" \/>\n<meta property=\"og:title\" content=\"Jornadas: &quot;Como controlar la gesti\u00f3n de mi comercio?&quot; - Matar\u00f3 Empresa\" \/>\n<meta property=\"og:description\" content=\"A lo largo \u00a0del mes de enero y febrero se celebrar\u00e1n una serie de jornadas sobre la gesti\u00f3n de comercios, impartidas por Jordi Becaria Martinez, economista colegiado 13.071. Durante las [&hellip;]\" \/>\n<meta property=\"og:url\" content=\"https:\/\/www.mataroempresa.cat\/es\/jornadas-como-controlar-la-gestion-de-mi-comercio\/\" \/>\n<meta property=\"og:site_name\" content=\"Matar\u00f3 Empresa\" \/>\n<meta property=\"article:published_time\" content=\"2017-01-31T12:20:30+00:00\" \/>\n<meta name=\"author\" content=\"Carme Navas\" \/>\n<meta name=\"twitter:card\" content=\"summary_large_image\" \/>\n<meta name=\"twitter:label1\" content=\"Escrito por\" \/>\n\t<meta name=\"twitter:data1\" content=\"Carme Navas\" \/>\n<script type=\"application\/ld+json\" class=\"yoast-schema-graph\">{\"@context\":\"https:\/\/schema.org\",\"@graph\":[{\"@type\":\"WebPage\",\"@id\":\"https:\/\/www.mataroempresa.cat\/es\/jornadas-como-controlar-la-gestion-de-mi-comercio\/\",\"url\":\"https:\/\/www.mataroempresa.cat\/es\/jornadas-como-controlar-la-gestion-de-mi-comercio\/\",\"name\":\"Jornadas: \\\"Como controlar la gesti\u00f3n de mi comercio?\\\" - Matar\u00f3 Empresa\",\"isPartOf\":{\"@id\":\"https:\/\/www.mataroempresa.cat\/es\/#website\"},\"datePublished\":\"2017-01-31T12:20:30+00:00\",\"dateModified\":\"2017-01-31T12:20:30+00:00\",\"author\":{\"@id\":\"https:\/\/www.mataroempresa.cat\/es\/#\/schema\/person\/d3fb1bc92015affcf7834a96f57e0170\"},\"breadcrumb\":{\"@id\":\"https:\/\/www.mataroempresa.cat\/es\/jornadas-como-controlar-la-gestion-de-mi-comercio\/#breadcrumb\"},\"inLanguage\":\"es-ES\",\"potentialAction\":[{\"@type\":\"ReadAction\",\"target\":[\"https:\/\/www.mataroempresa.cat\/es\/jornadas-como-controlar-la-gestion-de-mi-comercio\/\"]}]},{\"@type\":\"BreadcrumbList\",\"@id\":\"https:\/\/www.mataroempresa.cat\/es\/jornadas-como-controlar-la-gestion-de-mi-comercio\/#breadcrumb\",\"itemListElement\":[{\"@type\":\"ListItem\",\"position\":1,\"name\":\"Inici\",\"item\":\"https:\/\/www.mataroempresa.cat\/es\/\"},{\"@type\":\"ListItem\",\"position\":2,\"name\":\"Jornadas: &#8220;Como controlar la gesti\u00f3n de mi comercio?&#8221;\"}]},{\"@type\":\"WebSite\",\"@id\":\"https:\/\/www.mataroempresa.cat\/es\/#website\",\"url\":\"https:\/\/www.mataroempresa.cat\/es\/\",\"name\":\"Matar\u00f3 Empresa\",\"description\":\"Matar\u00f3 Empresa\",\"potentialAction\":[{\"@type\":\"SearchAction\",\"target\":{\"@type\":\"EntryPoint\",\"urlTemplate\":\"https:\/\/www.mataroempresa.cat\/es\/?s={search_term_string}\"},\"query-input\":\"required name=search_term_string\"}],\"inLanguage\":\"es-ES\"},{\"@type\":\"Person\",\"@id\":\"https:\/\/www.mataroempresa.cat\/es\/#\/schema\/person\/d3fb1bc92015affcf7834a96f57e0170\",\"name\":\"Carme Navas\",\"image\":{\"@type\":\"ImageObject\",\"inLanguage\":\"es-ES\",\"@id\":\"https:\/\/www.mataroempresa.cat\/es\/#\/schema\/person\/image\/\",\"url\":\"https:\/\/secure.gravatar.com\/avatar\/61679110e418750597df6f6187929ebe?s=96&d=mm&r=g\",\"contentUrl\":\"https:\/\/secure.gravatar.com\/avatar\/61679110e418750597df6f6187929ebe?s=96&d=mm&r=g\",\"caption\":\"Carme Navas\"},\"url\":\"https:\/\/www.mataroempresa.cat\/es\/author\/cnavas\/\"}]}<\/script>\n<!-- \/ Yoast SEO plugin. -->","yoast_head_json":{"title":"Jornadas: \"Como controlar la gesti\u00f3n de mi comercio?\" - Matar\u00f3 Empresa","robots":{"index":"index","follow":"follow","max-snippet":"max-snippet:-1","max-image-preview":"max-image-preview:large","max-video-preview":"max-video-preview:-1"},"canonical":"https:\/\/www.mataroempresa.cat\/es\/jornadas-como-controlar-la-gestion-de-mi-comercio\/","og_locale":"es_ES","og_type":"article","og_title":"Jornadas: \"Como controlar la gesti\u00f3n de mi comercio?\" - Matar\u00f3 Empresa","og_description":"A lo largo \u00a0del mes de enero y febrero se celebrar\u00e1n una serie de jornadas sobre la gesti\u00f3n de comercios, impartidas por Jordi Becaria Martinez, economista colegiado 13.071. Durante las [&hellip;]","og_url":"https:\/\/www.mataroempresa.cat\/es\/jornadas-como-controlar-la-gestion-de-mi-comercio\/","og_site_name":"Matar\u00f3 Empresa","article_published_time":"2017-01-31T12:20:30+00:00","author":"Carme Navas","twitter_card":"summary_large_image","twitter_misc":{"Escrito por":"Carme Navas"},"schema":{"@context":"https:\/\/schema.org","@graph":[{"@type":"WebPage","@id":"https:\/\/www.mataroempresa.cat\/es\/jornadas-como-controlar-la-gestion-de-mi-comercio\/","url":"https:\/\/www.mataroempresa.cat\/es\/jornadas-como-controlar-la-gestion-de-mi-comercio\/","name":"Jornadas: \"Como controlar la gesti\u00f3n de mi comercio?\" - Matar\u00f3 Empresa","isPartOf":{"@id":"https:\/\/www.mataroempresa.cat\/es\/#website"},"datePublished":"2017-01-31T12:20:30+00:00","dateModified":"2017-01-31T12:20:30+00:00","author":{"@id":"https:\/\/www.mataroempresa.cat\/es\/#\/schema\/person\/d3fb1bc92015affcf7834a96f57e0170"},"breadcrumb":{"@id":"https:\/\/www.mataroempresa.cat\/es\/jornadas-como-controlar-la-gestion-de-mi-comercio\/#breadcrumb"},"inLanguage":"es-ES","potentialAction":[{"@type":"ReadAction","target":["https:\/\/www.mataroempresa.cat\/es\/jornadas-como-controlar-la-gestion-de-mi-comercio\/"]}]},{"@type":"BreadcrumbList","@id":"https:\/\/www.mataroempresa.cat\/es\/jornadas-como-controlar-la-gestion-de-mi-comercio\/#breadcrumb","itemListElement":[{"@type":"ListItem","position":1,"name":"Inici","item":"https:\/\/www.mataroempresa.cat\/es\/"},{"@type":"ListItem","position":2,"name":"Jornadas: &#8220;Como controlar la gesti\u00f3n de mi comercio?&#8221;"}]},{"@type":"WebSite","@id":"https:\/\/www.mataroempresa.cat\/es\/#website","url":"https:\/\/www.mataroempresa.cat\/es\/","name":"Matar\u00f3 Empresa","description":"Matar\u00f3 Empresa","potentialAction":[{"@type":"SearchAction","target":{"@type":"EntryPoint","urlTemplate":"https:\/\/www.mataroempresa.cat\/es\/?s={search_term_string}"},"query-input":"required name=search_term_string"}],"inLanguage":"es-ES"},{"@type":"Person","@id":"https:\/\/www.mataroempresa.cat\/es\/#\/schema\/person\/d3fb1bc92015affcf7834a96f57e0170","name":"Carme Navas","image":{"@type":"ImageObject","inLanguage":"es-ES","@id":"https:\/\/www.mataroempresa.cat\/es\/#\/schema\/person\/image\/","url":"https:\/\/secure.gravatar.com\/avatar\/61679110e418750597df6f6187929ebe?s=96&d=mm&r=g","contentUrl":"https:\/\/secure.gravatar.com\/avatar\/61679110e418750597df6f6187929ebe?s=96&d=mm&r=g","caption":"Carme Navas"},"url":"https:\/\/www.mataroempresa.cat\/es\/author\/cnavas\/"}]}},"_links":{"self":[{"href":"https:\/\/www.mataroempresa.cat\/es\/wp-json\/wp\/v2\/posts\/3313"}],"collection":[{"href":"https:\/\/www.mataroempresa.cat\/es\/wp-json\/wp\/v2\/posts"}],"about":[{"href":"https:\/\/www.mataroempresa.cat\/es\/wp-json\/wp\/v2\/types\/post"}],"author":[{"embeddable":true,"href":"https:\/\/www.mataroempresa.cat\/es\/wp-json\/wp\/v2\/users\/3"}],"replies":[{"embeddable":true,"href":"https:\/\/www.mataroempresa.cat\/es\/wp-json\/wp\/v2\/comments?post=3313"}],"version-history":[{"count":1,"href":"https:\/\/www.mataroempresa.cat\/es\/wp-json\/wp\/v2\/posts\/3313\/revisions"}],"predecessor-version":[{"id":3314,"href":"https:\/\/www.mataroempresa.cat\/es\/wp-json\/wp\/v2\/posts\/3313\/revisions\/3314"}],"wp:attachment":[{"href":"https:\/\/www.mataroempresa.cat\/es\/wp-json\/wp\/v2\/media?parent=3313"}],"wp:term":[{"taxonomy":"category","embeddable":true,"href":"https:\/\/www.mataroempresa.cat\/es\/wp-json\/wp\/v2\/categories?post=3313"},{"taxonomy":"post_tag","embeddable":true,"href":"https:\/\/www.mataroempresa.cat\/es\/wp-json\/wp\/v2\/tags?post=3313"}],"curies":[{"name":"wp","href":"https:\/\/api.w.org\/{rel}","templated":true}]}}