{"id":3400,"date":"2017-03-15T11:55:17","date_gmt":"2017-03-15T11:55:17","guid":{"rendered":"http:\/\/www.mataroempresa.cat\/?p=3400"},"modified":"2017-03-15T11:55:17","modified_gmt":"2017-03-15T11:55:17","slug":"resolucion-emc-3982017-de-23-de-febrero-por-la-que-se-hace-publica-la-convocatoria-para-los-anos-2017-a-2018-de-la-linea-de-ayudas-en-forma-de-garantia-para-la-financiacion-de-proyectos-de-reacti","status":"publish","type":"post","link":"https:\/\/www.mataroempresa.cat\/es\/resolucion-emc-3982017-de-23-de-febrero-por-la-que-se-hace-publica-la-convocatoria-para-los-anos-2017-a-2018-de-la-linea-de-ayudas-en-forma-de-garantia-para-la-financiacion-de-proyectos-de-reacti\/","title":{"rendered":"RESOLUCI\u00d3N EMC \/ 398\/2017, de 23 de febrero, por la que se hace p\u00fablica la convocatoria para los a\u00f1os 2017 a 2018 de la l\u00ednea de ayudas en forma de garant\u00eda para la financiaci\u00f3n de proyectos de reactivaci\u00f3n industrial."},"content":{"rendered":"<p>El Gobierno de la Generalidad tiene la voluntad de continuar facilitando la financiaci\u00f3n de las empresas catalanas que fomenten la reactivaci\u00f3n industrial del territorio, especialmente en aquellas comarcas donde la tasa de paro se sit\u00faa por encima de la media del territorio catal\u00e1n o donde se haya sufrido una deslocalizaci\u00f3n industrial con una afectaci\u00f3n superior a 100 trabajadores.<\/p>\n<p><a href=\"http:\/\/dogc.gencat.cat\/ca\/pdogc_canals_interns\/pdogc_resultats_fitxa\/?action=fitxa&amp;mode=single&amp;documentId=779593&amp;language=ca_ES\" target=\"_blank\"><strong>Consulta la resoluci\u00f3n EMC \/ 398\/2017 aqu\u00ed.<\/strong><\/a><\/p>\n","protected":false},"excerpt":{"rendered":"<p>El Gobierno de la Generalidad tiene la voluntad de continuar facilitando la financiaci\u00f3n de las empresas catalanas que fomenten la reactivaci\u00f3n industrial del territorio, especialmente en aquellas comarcas donde la [&hellip;]<span class=\"entry-read-more\"><a href=\"https:\/\/www.mataroempresa.cat\/es\/resolucion-emc-3982017-de-23-de-febrero-por-la-que-se-hace-publica-la-convocatoria-para-los-anos-2017-a-2018-de-la-linea-de-ayudas-en-forma-de-garantia-para-la-financiacion-de-proyectos-de-reacti\/\" class=\"cs-btn cs-btn-flat cs-btn-rounded cs-btn-xxs cs-btn-flat-accent\">Leer m\u00e1s<\/a><\/span><\/p>\n","protected":false},"author":3,"featured_media":0,"comment_status":"closed","ping_status":"closed","sticky":false,"template":"","format":"standard","meta":{"footnotes":""},"categories":[7],"tags":[],"yoast_head":"<!-- This site is optimized with the Yoast SEO plugin v21.1 - https:\/\/yoast.com\/wordpress\/plugins\/seo\/ -->\n<title>RESOLUCI\u00d3N EMC \/ 398\/2017, de 23 de febrero, por la que se hace p\u00fablica la convocatoria para los a\u00f1os 2017 a 2018 de la l\u00ednea de ayudas en forma de garant\u00eda para la financiaci\u00f3n de proyectos de reactivaci\u00f3n industrial. - Matar\u00f3 Empresa<\/title>\n<meta name=\"robots\" content=\"index, follow, max-snippet:-1, max-image-preview:large, max-video-preview:-1\" \/>\n<link rel=\"canonical\" href=\"https:\/\/www.mataroempresa.cat\/es\/resolucion-emc-3982017-de-23-de-febrero-por-la-que-se-hace-publica-la-convocatoria-para-los-anos-2017-a-2018-de-la-linea-de-ayudas-en-forma-de-garantia-para-la-financiacion-de-proyectos-de-reacti\/\" \/>\n<meta property=\"og:locale\" content=\"es_ES\" \/>\n<meta property=\"og:type\" content=\"article\" \/>\n<meta property=\"og:title\" content=\"RESOLUCI\u00d3N EMC \/ 398\/2017, de 23 de febrero, por la que se hace p\u00fablica la convocatoria para los a\u00f1os 2017 a 2018 de la l\u00ednea de ayudas en forma de garant\u00eda para la financiaci\u00f3n de proyectos de reactivaci\u00f3n industrial. - Matar\u00f3 Empresa\" \/>\n<meta property=\"og:description\" content=\"El Gobierno de la Generalidad tiene la voluntad de continuar facilitando la financiaci\u00f3n de las empresas catalanas que fomenten la reactivaci\u00f3n industrial del territorio, especialmente en aquellas comarcas donde la [&hellip;]\" \/>\n<meta property=\"og:url\" content=\"https:\/\/www.mataroempresa.cat\/es\/resolucion-emc-3982017-de-23-de-febrero-por-la-que-se-hace-publica-la-convocatoria-para-los-anos-2017-a-2018-de-la-linea-de-ayudas-en-forma-de-garantia-para-la-financiacion-de-proyectos-de-reacti\/\" \/>\n<meta property=\"og:site_name\" content=\"Matar\u00f3 Empresa\" \/>\n<meta property=\"article:published_time\" content=\"2017-03-15T11:55:17+00:00\" \/>\n<meta name=\"author\" content=\"Carme Navas\" \/>\n<meta name=\"twitter:card\" content=\"summary_large_image\" \/>\n<meta name=\"twitter:label1\" content=\"Escrito por\" \/>\n\t<meta name=\"twitter:data1\" content=\"Carme Navas\" \/>\n<script type=\"application\/ld+json\" class=\"yoast-schema-graph\">{\"@context\":\"https:\/\/schema.org\",\"@graph\":[{\"@type\":\"WebPage\",\"@id\":\"https:\/\/www.mataroempresa.cat\/es\/resolucion-emc-3982017-de-23-de-febrero-por-la-que-se-hace-publica-la-convocatoria-para-los-anos-2017-a-2018-de-la-linea-de-ayudas-en-forma-de-garantia-para-la-financiacion-de-proyectos-de-reacti\/\",\"url\":\"https:\/\/www.mataroempresa.cat\/es\/resolucion-emc-3982017-de-23-de-febrero-por-la-que-se-hace-publica-la-convocatoria-para-los-anos-2017-a-2018-de-la-linea-de-ayudas-en-forma-de-garantia-para-la-financiacion-de-proyectos-de-reacti\/\",\"name\":\"RESOLUCI\u00d3N EMC \/ 398\/2017, de 23 de febrero, por la que se hace p\u00fablica la convocatoria para los a\u00f1os 2017 a 2018 de la l\u00ednea de ayudas en forma de garant\u00eda para la financiaci\u00f3n de proyectos de reactivaci\u00f3n industrial. - Matar\u00f3 Empresa\",\"isPartOf\":{\"@id\":\"https:\/\/www.mataroempresa.cat\/es\/#website\"},\"datePublished\":\"2017-03-15T11:55:17+00:00\",\"dateModified\":\"2017-03-15T11:55:17+00:00\",\"author\":{\"@id\":\"https:\/\/www.mataroempresa.cat\/es\/#\/schema\/person\/d3fb1bc92015affcf7834a96f57e0170\"},\"breadcrumb\":{\"@id\":\"https:\/\/www.mataroempresa.cat\/es\/resolucion-emc-3982017-de-23-de-febrero-por-la-que-se-hace-publica-la-convocatoria-para-los-anos-2017-a-2018-de-la-linea-de-ayudas-en-forma-de-garantia-para-la-financiacion-de-proyectos-de-reacti\/#breadcrumb\"},\"inLanguage\":\"es-ES\",\"potentialAction\":[{\"@type\":\"ReadAction\",\"target\":[\"https:\/\/www.mataroempresa.cat\/es\/resolucion-emc-3982017-de-23-de-febrero-por-la-que-se-hace-publica-la-convocatoria-para-los-anos-2017-a-2018-de-la-linea-de-ayudas-en-forma-de-garantia-para-la-financiacion-de-proyectos-de-reacti\/\"]}]},{\"@type\":\"BreadcrumbList\",\"@id\":\"https:\/\/www.mataroempresa.cat\/es\/resolucion-emc-3982017-de-23-de-febrero-por-la-que-se-hace-publica-la-convocatoria-para-los-anos-2017-a-2018-de-la-linea-de-ayudas-en-forma-de-garantia-para-la-financiacion-de-proyectos-de-reacti\/#breadcrumb\",\"itemListElement\":[{\"@type\":\"ListItem\",\"position\":1,\"name\":\"Inici\",\"item\":\"https:\/\/www.mataroempresa.cat\/es\/\"},{\"@type\":\"ListItem\",\"position\":2,\"name\":\"RESOLUCI\u00d3N EMC \/ 398\/2017, de 23 de febrero, por la que se hace p\u00fablica la convocatoria para los a\u00f1os 2017 a 2018 de la l\u00ednea de ayudas en forma de garant\u00eda para la financiaci\u00f3n de proyectos de reactivaci\u00f3n industrial.\"}]},{\"@type\":\"WebSite\",\"@id\":\"https:\/\/www.mataroempresa.cat\/es\/#website\",\"url\":\"https:\/\/www.mataroempresa.cat\/es\/\",\"name\":\"Matar\u00f3 Empresa\",\"description\":\"Matar\u00f3 Empresa\",\"potentialAction\":[{\"@type\":\"SearchAction\",\"target\":{\"@type\":\"EntryPoint\",\"urlTemplate\":\"https:\/\/www.mataroempresa.cat\/es\/?s={search_term_string}\"},\"query-input\":\"required name=search_term_string\"}],\"inLanguage\":\"es-ES\"},{\"@type\":\"Person\",\"@id\":\"https:\/\/www.mataroempresa.cat\/es\/#\/schema\/person\/d3fb1bc92015affcf7834a96f57e0170\",\"name\":\"Carme Navas\",\"image\":{\"@type\":\"ImageObject\",\"inLanguage\":\"es-ES\",\"@id\":\"https:\/\/www.mataroempresa.cat\/es\/#\/schema\/person\/image\/\",\"url\":\"https:\/\/secure.gravatar.com\/avatar\/61679110e418750597df6f6187929ebe?s=96&d=mm&r=g\",\"contentUrl\":\"https:\/\/secure.gravatar.com\/avatar\/61679110e418750597df6f6187929ebe?s=96&d=mm&r=g\",\"caption\":\"Carme Navas\"},\"url\":\"https:\/\/www.mataroempresa.cat\/es\/author\/cnavas\/\"}]}<\/script>\n<!-- \/ Yoast SEO plugin. -->","yoast_head_json":{"title":"RESOLUCI\u00d3N EMC \/ 398\/2017, de 23 de febrero, por la que se hace p\u00fablica la convocatoria para los a\u00f1os 2017 a 2018 de la l\u00ednea de ayudas en forma de garant\u00eda para la financiaci\u00f3n de proyectos de reactivaci\u00f3n industrial. - Matar\u00f3 Empresa","robots":{"index":"index","follow":"follow","max-snippet":"max-snippet:-1","max-image-preview":"max-image-preview:large","max-video-preview":"max-video-preview:-1"},"canonical":"https:\/\/www.mataroempresa.cat\/es\/resolucion-emc-3982017-de-23-de-febrero-por-la-que-se-hace-publica-la-convocatoria-para-los-anos-2017-a-2018-de-la-linea-de-ayudas-en-forma-de-garantia-para-la-financiacion-de-proyectos-de-reacti\/","og_locale":"es_ES","og_type":"article","og_title":"RESOLUCI\u00d3N EMC \/ 398\/2017, de 23 de febrero, por la que se hace p\u00fablica la convocatoria para los a\u00f1os 2017 a 2018 de la l\u00ednea de ayudas en forma de garant\u00eda para la financiaci\u00f3n de proyectos de reactivaci\u00f3n industrial. - Matar\u00f3 Empresa","og_description":"El Gobierno de la Generalidad tiene la voluntad de continuar facilitando la financiaci\u00f3n de las empresas catalanas que fomenten la reactivaci\u00f3n industrial del territorio, especialmente en aquellas comarcas donde la [&hellip;]","og_url":"https:\/\/www.mataroempresa.cat\/es\/resolucion-emc-3982017-de-23-de-febrero-por-la-que-se-hace-publica-la-convocatoria-para-los-anos-2017-a-2018-de-la-linea-de-ayudas-en-forma-de-garantia-para-la-financiacion-de-proyectos-de-reacti\/","og_site_name":"Matar\u00f3 Empresa","article_published_time":"2017-03-15T11:55:17+00:00","author":"Carme Navas","twitter_card":"summary_large_image","twitter_misc":{"Escrito por":"Carme Navas"},"schema":{"@context":"https:\/\/schema.org","@graph":[{"@type":"WebPage","@id":"https:\/\/www.mataroempresa.cat\/es\/resolucion-emc-3982017-de-23-de-febrero-por-la-que-se-hace-publica-la-convocatoria-para-los-anos-2017-a-2018-de-la-linea-de-ayudas-en-forma-de-garantia-para-la-financiacion-de-proyectos-de-reacti\/","url":"https:\/\/www.mataroempresa.cat\/es\/resolucion-emc-3982017-de-23-de-febrero-por-la-que-se-hace-publica-la-convocatoria-para-los-anos-2017-a-2018-de-la-linea-de-ayudas-en-forma-de-garantia-para-la-financiacion-de-proyectos-de-reacti\/","name":"RESOLUCI\u00d3N EMC \/ 398\/2017, de 23 de febrero, por la que se hace p\u00fablica la convocatoria para los a\u00f1os 2017 a 2018 de la l\u00ednea de ayudas en forma de garant\u00eda para la financiaci\u00f3n de proyectos de reactivaci\u00f3n industrial. - Matar\u00f3 Empresa","isPartOf":{"@id":"https:\/\/www.mataroempresa.cat\/es\/#website"},"datePublished":"2017-03-15T11:55:17+00:00","dateModified":"2017-03-15T11:55:17+00:00","author":{"@id":"https:\/\/www.mataroempresa.cat\/es\/#\/schema\/person\/d3fb1bc92015affcf7834a96f57e0170"},"breadcrumb":{"@id":"https:\/\/www.mataroempresa.cat\/es\/resolucion-emc-3982017-de-23-de-febrero-por-la-que-se-hace-publica-la-convocatoria-para-los-anos-2017-a-2018-de-la-linea-de-ayudas-en-forma-de-garantia-para-la-financiacion-de-proyectos-de-reacti\/#breadcrumb"},"inLanguage":"es-ES","potentialAction":[{"@type":"ReadAction","target":["https:\/\/www.mataroempresa.cat\/es\/resolucion-emc-3982017-de-23-de-febrero-por-la-que-se-hace-publica-la-convocatoria-para-los-anos-2017-a-2018-de-la-linea-de-ayudas-en-forma-de-garantia-para-la-financiacion-de-proyectos-de-reacti\/"]}]},{"@type":"BreadcrumbList","@id":"https:\/\/www.mataroempresa.cat\/es\/resolucion-emc-3982017-de-23-de-febrero-por-la-que-se-hace-publica-la-convocatoria-para-los-anos-2017-a-2018-de-la-linea-de-ayudas-en-forma-de-garantia-para-la-financiacion-de-proyectos-de-reacti\/#breadcrumb","itemListElement":[{"@type":"ListItem","position":1,"name":"Inici","item":"https:\/\/www.mataroempresa.cat\/es\/"},{"@type":"ListItem","position":2,"name":"RESOLUCI\u00d3N EMC \/ 398\/2017, de 23 de febrero, por la que se hace p\u00fablica la convocatoria para los a\u00f1os 2017 a 2018 de la l\u00ednea de ayudas en forma de garant\u00eda para la financiaci\u00f3n de proyectos de reactivaci\u00f3n industrial."}]},{"@type":"WebSite","@id":"https:\/\/www.mataroempresa.cat\/es\/#website","url":"https:\/\/www.mataroempresa.cat\/es\/","name":"Matar\u00f3 Empresa","description":"Matar\u00f3 Empresa","potentialAction":[{"@type":"SearchAction","target":{"@type":"EntryPoint","urlTemplate":"https:\/\/www.mataroempresa.cat\/es\/?s={search_term_string}"},"query-input":"required name=search_term_string"}],"inLanguage":"es-ES"},{"@type":"Person","@id":"https:\/\/www.mataroempresa.cat\/es\/#\/schema\/person\/d3fb1bc92015affcf7834a96f57e0170","name":"Carme Navas","image":{"@type":"ImageObject","inLanguage":"es-ES","@id":"https:\/\/www.mataroempresa.cat\/es\/#\/schema\/person\/image\/","url":"https:\/\/secure.gravatar.com\/avatar\/61679110e418750597df6f6187929ebe?s=96&d=mm&r=g","contentUrl":"https:\/\/secure.gravatar.com\/avatar\/61679110e418750597df6f6187929ebe?s=96&d=mm&r=g","caption":"Carme Navas"},"url":"https:\/\/www.mataroempresa.cat\/es\/author\/cnavas\/"}]}},"_links":{"self":[{"href":"https:\/\/www.mataroempresa.cat\/es\/wp-json\/wp\/v2\/posts\/3400"}],"collection":[{"href":"https:\/\/www.mataroempresa.cat\/es\/wp-json\/wp\/v2\/posts"}],"about":[{"href":"https:\/\/www.mataroempresa.cat\/es\/wp-json\/wp\/v2\/types\/post"}],"author":[{"embeddable":true,"href":"https:\/\/www.mataroempresa.cat\/es\/wp-json\/wp\/v2\/users\/3"}],"replies":[{"embeddable":true,"href":"https:\/\/www.mataroempresa.cat\/es\/wp-json\/wp\/v2\/comments?post=3400"}],"version-history":[{"count":1,"href":"https:\/\/www.mataroempresa.cat\/es\/wp-json\/wp\/v2\/posts\/3400\/revisions"}],"predecessor-version":[{"id":3401,"href":"https:\/\/www.mataroempresa.cat\/es\/wp-json\/wp\/v2\/posts\/3400\/revisions\/3401"}],"wp:attachment":[{"href":"https:\/\/www.mataroempresa.cat\/es\/wp-json\/wp\/v2\/media?parent=3400"}],"wp:term":[{"taxonomy":"category","embeddable":true,"href":"https:\/\/www.mataroempresa.cat\/es\/wp-json\/wp\/v2\/categories?post=3400"},{"taxonomy":"post_tag","embeddable":true,"href":"https:\/\/www.mataroempresa.cat\/es\/wp-json\/wp\/v2\/tags?post=3400"}],"curies":[{"name":"wp","href":"https:\/\/api.w.org\/{rel}","templated":true}]}}