{"id":3416,"date":"2017-03-17T09:05:55","date_gmt":"2017-03-17T09:05:55","guid":{"rendered":"http:\/\/www.mataroempresa.cat\/?p=3416"},"modified":"2017-03-21T09:12:38","modified_gmt":"2017-03-21T09:12:38","slug":"tercera-edicion-del-start-dmc-tourism","status":"publish","type":"post","link":"https:\/\/www.mataroempresa.cat\/es\/tercera-edicion-del-start-dmc-tourism\/","title":{"rendered":"Tercera edici\u00f3n del Start-DMC Tourism"},"content":{"rendered":"<p>La Direcci\u00f3n General de Turismo (DGT), a trav\u00e9s de la Agencia Catalana de Turismo (ACT), impulsa &#8220;Start-DMC Tourism&#8221;, el proyecto que pretende estimular la creaci\u00f3n y consolidaci\u00f3n de DMC&#8217;s (Destination Management Companies) en Catalunya. Se trata de un proyecto de <strong>apoyo a la emprendedur\u00eda<\/strong> en la creaci\u00f3n de producto<strong> tur\u00edstico innovador y experiencial<\/strong>, que se inici\u00f3 en 2015 y del que ya se han beneficiado 22 proyectos.<\/p>\n<p><strong><a href=\"http:\/\/act.gencat.cat\/start-dmc\/\" target=\"_blank\">Consulta m\u00e1s informaci\u00f3n aqu\u00ed.<\/a><\/strong><\/p>\n","protected":false},"excerpt":{"rendered":"<p>La Direcci\u00f3n General de Turismo (DGT), a trav\u00e9s de la Agencia Catalana de Turismo (ACT), impulsa &#8220;Start-DMC Tourism&#8221;, el proyecto que pretende estimular la creaci\u00f3n y consolidaci\u00f3n de DMC&#8217;s (Destination [&hellip;]<span class=\"entry-read-more\"><a href=\"https:\/\/www.mataroempresa.cat\/es\/tercera-edicion-del-start-dmc-tourism\/\" class=\"cs-btn cs-btn-flat cs-btn-rounded cs-btn-xxs cs-btn-flat-accent\">Leer m\u00e1s<\/a><\/span><\/p>\n","protected":false},"author":3,"featured_media":0,"comment_status":"closed","ping_status":"closed","sticky":false,"template":"","format":"standard","meta":{"footnotes":""},"categories":[7],"tags":[],"yoast_head":"<!-- This site is optimized with the Yoast SEO plugin v21.1 - https:\/\/yoast.com\/wordpress\/plugins\/seo\/ -->\n<title>Tercera edici\u00f3n del Start-DMC Tourism - Matar\u00f3 Empresa<\/title>\n<meta name=\"robots\" content=\"index, follow, max-snippet:-1, max-image-preview:large, max-video-preview:-1\" \/>\n<link rel=\"canonical\" href=\"https:\/\/www.mataroempresa.cat\/es\/tercera-edicion-del-start-dmc-tourism\/\" \/>\n<meta property=\"og:locale\" content=\"es_ES\" \/>\n<meta property=\"og:type\" content=\"article\" \/>\n<meta property=\"og:title\" content=\"Tercera edici\u00f3n del Start-DMC Tourism - Matar\u00f3 Empresa\" \/>\n<meta property=\"og:description\" content=\"La Direcci\u00f3n General de Turismo (DGT), a trav\u00e9s de la Agencia Catalana de Turismo (ACT), impulsa &#8220;Start-DMC Tourism&#8221;, el proyecto que pretende estimular la creaci\u00f3n y consolidaci\u00f3n de DMC&#8217;s (Destination [&hellip;]\" \/>\n<meta property=\"og:url\" content=\"https:\/\/www.mataroempresa.cat\/es\/tercera-edicion-del-start-dmc-tourism\/\" \/>\n<meta property=\"og:site_name\" content=\"Matar\u00f3 Empresa\" \/>\n<meta property=\"article:published_time\" content=\"2017-03-17T09:05:55+00:00\" \/>\n<meta property=\"article:modified_time\" content=\"2017-03-21T09:12:38+00:00\" \/>\n<meta name=\"author\" content=\"Carme Navas\" \/>\n<meta name=\"twitter:card\" content=\"summary_large_image\" \/>\n<meta name=\"twitter:label1\" content=\"Escrito por\" \/>\n\t<meta name=\"twitter:data1\" content=\"Carme Navas\" \/>\n<script type=\"application\/ld+json\" class=\"yoast-schema-graph\">{\"@context\":\"https:\/\/schema.org\",\"@graph\":[{\"@type\":\"WebPage\",\"@id\":\"https:\/\/www.mataroempresa.cat\/es\/tercera-edicion-del-start-dmc-tourism\/\",\"url\":\"https:\/\/www.mataroempresa.cat\/es\/tercera-edicion-del-start-dmc-tourism\/\",\"name\":\"Tercera edici\u00f3n del Start-DMC Tourism - Matar\u00f3 Empresa\",\"isPartOf\":{\"@id\":\"https:\/\/www.mataroempresa.cat\/es\/#website\"},\"datePublished\":\"2017-03-17T09:05:55+00:00\",\"dateModified\":\"2017-03-21T09:12:38+00:00\",\"author\":{\"@id\":\"https:\/\/www.mataroempresa.cat\/es\/#\/schema\/person\/d3fb1bc92015affcf7834a96f57e0170\"},\"breadcrumb\":{\"@id\":\"https:\/\/www.mataroempresa.cat\/es\/tercera-edicion-del-start-dmc-tourism\/#breadcrumb\"},\"inLanguage\":\"es-ES\",\"potentialAction\":[{\"@type\":\"ReadAction\",\"target\":[\"https:\/\/www.mataroempresa.cat\/es\/tercera-edicion-del-start-dmc-tourism\/\"]}]},{\"@type\":\"BreadcrumbList\",\"@id\":\"https:\/\/www.mataroempresa.cat\/es\/tercera-edicion-del-start-dmc-tourism\/#breadcrumb\",\"itemListElement\":[{\"@type\":\"ListItem\",\"position\":1,\"name\":\"Inici\",\"item\":\"https:\/\/www.mataroempresa.cat\/es\/\"},{\"@type\":\"ListItem\",\"position\":2,\"name\":\"Tercera edici\u00f3n del Start-DMC Tourism\"}]},{\"@type\":\"WebSite\",\"@id\":\"https:\/\/www.mataroempresa.cat\/es\/#website\",\"url\":\"https:\/\/www.mataroempresa.cat\/es\/\",\"name\":\"Matar\u00f3 Empresa\",\"description\":\"Matar\u00f3 Empresa\",\"potentialAction\":[{\"@type\":\"SearchAction\",\"target\":{\"@type\":\"EntryPoint\",\"urlTemplate\":\"https:\/\/www.mataroempresa.cat\/es\/?s={search_term_string}\"},\"query-input\":\"required name=search_term_string\"}],\"inLanguage\":\"es-ES\"},{\"@type\":\"Person\",\"@id\":\"https:\/\/www.mataroempresa.cat\/es\/#\/schema\/person\/d3fb1bc92015affcf7834a96f57e0170\",\"name\":\"Carme Navas\",\"image\":{\"@type\":\"ImageObject\",\"inLanguage\":\"es-ES\",\"@id\":\"https:\/\/www.mataroempresa.cat\/es\/#\/schema\/person\/image\/\",\"url\":\"https:\/\/secure.gravatar.com\/avatar\/61679110e418750597df6f6187929ebe?s=96&d=mm&r=g\",\"contentUrl\":\"https:\/\/secure.gravatar.com\/avatar\/61679110e418750597df6f6187929ebe?s=96&d=mm&r=g\",\"caption\":\"Carme Navas\"},\"url\":\"https:\/\/www.mataroempresa.cat\/es\/author\/cnavas\/\"}]}<\/script>\n<!-- \/ Yoast SEO plugin. -->","yoast_head_json":{"title":"Tercera edici\u00f3n del Start-DMC Tourism - Matar\u00f3 Empresa","robots":{"index":"index","follow":"follow","max-snippet":"max-snippet:-1","max-image-preview":"max-image-preview:large","max-video-preview":"max-video-preview:-1"},"canonical":"https:\/\/www.mataroempresa.cat\/es\/tercera-edicion-del-start-dmc-tourism\/","og_locale":"es_ES","og_type":"article","og_title":"Tercera edici\u00f3n del Start-DMC Tourism - Matar\u00f3 Empresa","og_description":"La Direcci\u00f3n General de Turismo (DGT), a trav\u00e9s de la Agencia Catalana de Turismo (ACT), impulsa &#8220;Start-DMC Tourism&#8221;, el proyecto que pretende estimular la creaci\u00f3n y consolidaci\u00f3n de DMC&#8217;s (Destination [&hellip;]","og_url":"https:\/\/www.mataroempresa.cat\/es\/tercera-edicion-del-start-dmc-tourism\/","og_site_name":"Matar\u00f3 Empresa","article_published_time":"2017-03-17T09:05:55+00:00","article_modified_time":"2017-03-21T09:12:38+00:00","author":"Carme Navas","twitter_card":"summary_large_image","twitter_misc":{"Escrito por":"Carme Navas"},"schema":{"@context":"https:\/\/schema.org","@graph":[{"@type":"WebPage","@id":"https:\/\/www.mataroempresa.cat\/es\/tercera-edicion-del-start-dmc-tourism\/","url":"https:\/\/www.mataroempresa.cat\/es\/tercera-edicion-del-start-dmc-tourism\/","name":"Tercera edici\u00f3n del Start-DMC Tourism - Matar\u00f3 Empresa","isPartOf":{"@id":"https:\/\/www.mataroempresa.cat\/es\/#website"},"datePublished":"2017-03-17T09:05:55+00:00","dateModified":"2017-03-21T09:12:38+00:00","author":{"@id":"https:\/\/www.mataroempresa.cat\/es\/#\/schema\/person\/d3fb1bc92015affcf7834a96f57e0170"},"breadcrumb":{"@id":"https:\/\/www.mataroempresa.cat\/es\/tercera-edicion-del-start-dmc-tourism\/#breadcrumb"},"inLanguage":"es-ES","potentialAction":[{"@type":"ReadAction","target":["https:\/\/www.mataroempresa.cat\/es\/tercera-edicion-del-start-dmc-tourism\/"]}]},{"@type":"BreadcrumbList","@id":"https:\/\/www.mataroempresa.cat\/es\/tercera-edicion-del-start-dmc-tourism\/#breadcrumb","itemListElement":[{"@type":"ListItem","position":1,"name":"Inici","item":"https:\/\/www.mataroempresa.cat\/es\/"},{"@type":"ListItem","position":2,"name":"Tercera edici\u00f3n del Start-DMC Tourism"}]},{"@type":"WebSite","@id":"https:\/\/www.mataroempresa.cat\/es\/#website","url":"https:\/\/www.mataroempresa.cat\/es\/","name":"Matar\u00f3 Empresa","description":"Matar\u00f3 Empresa","potentialAction":[{"@type":"SearchAction","target":{"@type":"EntryPoint","urlTemplate":"https:\/\/www.mataroempresa.cat\/es\/?s={search_term_string}"},"query-input":"required name=search_term_string"}],"inLanguage":"es-ES"},{"@type":"Person","@id":"https:\/\/www.mataroempresa.cat\/es\/#\/schema\/person\/d3fb1bc92015affcf7834a96f57e0170","name":"Carme Navas","image":{"@type":"ImageObject","inLanguage":"es-ES","@id":"https:\/\/www.mataroempresa.cat\/es\/#\/schema\/person\/image\/","url":"https:\/\/secure.gravatar.com\/avatar\/61679110e418750597df6f6187929ebe?s=96&d=mm&r=g","contentUrl":"https:\/\/secure.gravatar.com\/avatar\/61679110e418750597df6f6187929ebe?s=96&d=mm&r=g","caption":"Carme Navas"},"url":"https:\/\/www.mataroempresa.cat\/es\/author\/cnavas\/"}]}},"_links":{"self":[{"href":"https:\/\/www.mataroempresa.cat\/es\/wp-json\/wp\/v2\/posts\/3416"}],"collection":[{"href":"https:\/\/www.mataroempresa.cat\/es\/wp-json\/wp\/v2\/posts"}],"about":[{"href":"https:\/\/www.mataroempresa.cat\/es\/wp-json\/wp\/v2\/types\/post"}],"author":[{"embeddable":true,"href":"https:\/\/www.mataroempresa.cat\/es\/wp-json\/wp\/v2\/users\/3"}],"replies":[{"embeddable":true,"href":"https:\/\/www.mataroempresa.cat\/es\/wp-json\/wp\/v2\/comments?post=3416"}],"version-history":[{"count":3,"href":"https:\/\/www.mataroempresa.cat\/es\/wp-json\/wp\/v2\/posts\/3416\/revisions"}],"predecessor-version":[{"id":3419,"href":"https:\/\/www.mataroempresa.cat\/es\/wp-json\/wp\/v2\/posts\/3416\/revisions\/3419"}],"wp:attachment":[{"href":"https:\/\/www.mataroempresa.cat\/es\/wp-json\/wp\/v2\/media?parent=3416"}],"wp:term":[{"taxonomy":"category","embeddable":true,"href":"https:\/\/www.mataroempresa.cat\/es\/wp-json\/wp\/v2\/categories?post=3416"},{"taxonomy":"post_tag","embeddable":true,"href":"https:\/\/www.mataroempresa.cat\/es\/wp-json\/wp\/v2\/tags?post=3416"}],"curies":[{"name":"wp","href":"https:\/\/api.w.org\/{rel}","templated":true}]}}