{"id":3488,"date":"2017-05-23T10:19:56","date_gmt":"2017-05-23T10:19:56","guid":{"rendered":"http:\/\/www.mataroempresa.cat\/?p=3488"},"modified":"2017-05-26T08:20:18","modified_gmt":"2017-05-26T08:20:18","slug":"jornada-de-financiacion-enisa-y-ifem","status":"publish","type":"post","link":"https:\/\/www.mataroempresa.cat\/es\/jornada-de-financiacion-enisa-y-ifem\/","title":{"rendered":"Jornada de Financiaci\u00f3n: ENISA y IFEM"},"content":{"rendered":"<p><em><strong>Tienes un proyecto innovador y b\u00fasquedas financiaci\u00f3n?<\/strong><\/em><\/p>\n<p>La fundaci\u00f3n <a href=\"https:\/\/www.tecnocampus.cat\/\" target=\"_blank\">TecnoCampus<\/a> te da la oportunidad de conocer de primera mano las principales l\u00edneas de financiaci\u00f3n para proyectos tecnol\u00f3gicos y \/ o innovadores de IFEM y ENISA.<\/p>\n<p>Ven el <strong>31 de mayo<\/strong> y el Sr. Javier S\u00e1nchez, Responsable de Operaciones de ENISA y Emili G\u00f3mez, Director de Capital MAB de IFEM, te explicar\u00e1n las caracter\u00edsticas de sus instrumentos financieros.<\/p>\n<p><strong><a href=\"http:\/\/agenda.tecnocampus.cat\/10226\/detail\/jornada-de-financament-amb-enisa-i-icf.html\" target=\"_blank\">Confirma tu asistencia aqu\u00ed.<\/a><\/strong><\/p>\n","protected":false},"excerpt":{"rendered":"<p>Tienes un proyecto innovador y b\u00fasquedas financiaci\u00f3n? La fundaci\u00f3n TecnoCampus te da la oportunidad de conocer de primera mano las principales l\u00edneas de financiaci\u00f3n para proyectos tecnol\u00f3gicos y \/ o [&hellip;]<span class=\"entry-read-more\"><a href=\"https:\/\/www.mataroempresa.cat\/es\/jornada-de-financiacion-enisa-y-ifem\/\" class=\"cs-btn cs-btn-flat cs-btn-rounded cs-btn-xxs cs-btn-flat-accent\">Leer m\u00e1s<\/a><\/span><\/p>\n","protected":false},"author":3,"featured_media":0,"comment_status":"closed","ping_status":"closed","sticky":false,"template":"","format":"standard","meta":{"footnotes":""},"categories":[7],"tags":[],"yoast_head":"<!-- This site is optimized with the Yoast SEO plugin v21.1 - https:\/\/yoast.com\/wordpress\/plugins\/seo\/ -->\n<title>Jornada de Financiaci\u00f3n: ENISA y IFEM - Matar\u00f3 Empresa<\/title>\n<meta name=\"robots\" content=\"index, follow, max-snippet:-1, max-image-preview:large, max-video-preview:-1\" \/>\n<link rel=\"canonical\" href=\"https:\/\/www.mataroempresa.cat\/es\/jornada-de-financiacion-enisa-y-ifem\/\" \/>\n<meta property=\"og:locale\" content=\"es_ES\" \/>\n<meta property=\"og:type\" content=\"article\" \/>\n<meta property=\"og:title\" content=\"Jornada de Financiaci\u00f3n: ENISA y IFEM - Matar\u00f3 Empresa\" \/>\n<meta property=\"og:description\" content=\"Tienes un proyecto innovador y b\u00fasquedas financiaci\u00f3n? La fundaci\u00f3n TecnoCampus te da la oportunidad de conocer de primera mano las principales l\u00edneas de financiaci\u00f3n para proyectos tecnol\u00f3gicos y \/ o [&hellip;]\" \/>\n<meta property=\"og:url\" content=\"https:\/\/www.mataroempresa.cat\/es\/jornada-de-financiacion-enisa-y-ifem\/\" \/>\n<meta property=\"og:site_name\" content=\"Matar\u00f3 Empresa\" \/>\n<meta property=\"article:published_time\" content=\"2017-05-23T10:19:56+00:00\" \/>\n<meta property=\"article:modified_time\" content=\"2017-05-26T08:20:18+00:00\" \/>\n<meta name=\"author\" content=\"Carme Navas\" \/>\n<meta name=\"twitter:card\" content=\"summary_large_image\" \/>\n<meta name=\"twitter:label1\" content=\"Escrito por\" \/>\n\t<meta name=\"twitter:data1\" content=\"Carme Navas\" \/>\n<script type=\"application\/ld+json\" class=\"yoast-schema-graph\">{\"@context\":\"https:\/\/schema.org\",\"@graph\":[{\"@type\":\"WebPage\",\"@id\":\"https:\/\/www.mataroempresa.cat\/es\/jornada-de-financiacion-enisa-y-ifem\/\",\"url\":\"https:\/\/www.mataroempresa.cat\/es\/jornada-de-financiacion-enisa-y-ifem\/\",\"name\":\"Jornada de Financiaci\u00f3n: ENISA y IFEM - Matar\u00f3 Empresa\",\"isPartOf\":{\"@id\":\"https:\/\/www.mataroempresa.cat\/es\/#website\"},\"datePublished\":\"2017-05-23T10:19:56+00:00\",\"dateModified\":\"2017-05-26T08:20:18+00:00\",\"author\":{\"@id\":\"https:\/\/www.mataroempresa.cat\/es\/#\/schema\/person\/d3fb1bc92015affcf7834a96f57e0170\"},\"breadcrumb\":{\"@id\":\"https:\/\/www.mataroempresa.cat\/es\/jornada-de-financiacion-enisa-y-ifem\/#breadcrumb\"},\"inLanguage\":\"es-ES\",\"potentialAction\":[{\"@type\":\"ReadAction\",\"target\":[\"https:\/\/www.mataroempresa.cat\/es\/jornada-de-financiacion-enisa-y-ifem\/\"]}]},{\"@type\":\"BreadcrumbList\",\"@id\":\"https:\/\/www.mataroempresa.cat\/es\/jornada-de-financiacion-enisa-y-ifem\/#breadcrumb\",\"itemListElement\":[{\"@type\":\"ListItem\",\"position\":1,\"name\":\"Inici\",\"item\":\"https:\/\/www.mataroempresa.cat\/es\/\"},{\"@type\":\"ListItem\",\"position\":2,\"name\":\"Jornada de Financiaci\u00f3n: ENISA y IFEM\"}]},{\"@type\":\"WebSite\",\"@id\":\"https:\/\/www.mataroempresa.cat\/es\/#website\",\"url\":\"https:\/\/www.mataroempresa.cat\/es\/\",\"name\":\"Matar\u00f3 Empresa\",\"description\":\"Matar\u00f3 Empresa\",\"potentialAction\":[{\"@type\":\"SearchAction\",\"target\":{\"@type\":\"EntryPoint\",\"urlTemplate\":\"https:\/\/www.mataroempresa.cat\/es\/?s={search_term_string}\"},\"query-input\":\"required name=search_term_string\"}],\"inLanguage\":\"es-ES\"},{\"@type\":\"Person\",\"@id\":\"https:\/\/www.mataroempresa.cat\/es\/#\/schema\/person\/d3fb1bc92015affcf7834a96f57e0170\",\"name\":\"Carme Navas\",\"image\":{\"@type\":\"ImageObject\",\"inLanguage\":\"es-ES\",\"@id\":\"https:\/\/www.mataroempresa.cat\/es\/#\/schema\/person\/image\/\",\"url\":\"https:\/\/secure.gravatar.com\/avatar\/61679110e418750597df6f6187929ebe?s=96&d=mm&r=g\",\"contentUrl\":\"https:\/\/secure.gravatar.com\/avatar\/61679110e418750597df6f6187929ebe?s=96&d=mm&r=g\",\"caption\":\"Carme Navas\"},\"url\":\"https:\/\/www.mataroempresa.cat\/es\/author\/cnavas\/\"}]}<\/script>\n<!-- \/ Yoast SEO plugin. -->","yoast_head_json":{"title":"Jornada de Financiaci\u00f3n: ENISA y IFEM - Matar\u00f3 Empresa","robots":{"index":"index","follow":"follow","max-snippet":"max-snippet:-1","max-image-preview":"max-image-preview:large","max-video-preview":"max-video-preview:-1"},"canonical":"https:\/\/www.mataroempresa.cat\/es\/jornada-de-financiacion-enisa-y-ifem\/","og_locale":"es_ES","og_type":"article","og_title":"Jornada de Financiaci\u00f3n: ENISA y IFEM - Matar\u00f3 Empresa","og_description":"Tienes un proyecto innovador y b\u00fasquedas financiaci\u00f3n? La fundaci\u00f3n TecnoCampus te da la oportunidad de conocer de primera mano las principales l\u00edneas de financiaci\u00f3n para proyectos tecnol\u00f3gicos y \/ o [&hellip;]","og_url":"https:\/\/www.mataroempresa.cat\/es\/jornada-de-financiacion-enisa-y-ifem\/","og_site_name":"Matar\u00f3 Empresa","article_published_time":"2017-05-23T10:19:56+00:00","article_modified_time":"2017-05-26T08:20:18+00:00","author":"Carme Navas","twitter_card":"summary_large_image","twitter_misc":{"Escrito por":"Carme Navas"},"schema":{"@context":"https:\/\/schema.org","@graph":[{"@type":"WebPage","@id":"https:\/\/www.mataroempresa.cat\/es\/jornada-de-financiacion-enisa-y-ifem\/","url":"https:\/\/www.mataroempresa.cat\/es\/jornada-de-financiacion-enisa-y-ifem\/","name":"Jornada de Financiaci\u00f3n: ENISA y IFEM - Matar\u00f3 Empresa","isPartOf":{"@id":"https:\/\/www.mataroempresa.cat\/es\/#website"},"datePublished":"2017-05-23T10:19:56+00:00","dateModified":"2017-05-26T08:20:18+00:00","author":{"@id":"https:\/\/www.mataroempresa.cat\/es\/#\/schema\/person\/d3fb1bc92015affcf7834a96f57e0170"},"breadcrumb":{"@id":"https:\/\/www.mataroempresa.cat\/es\/jornada-de-financiacion-enisa-y-ifem\/#breadcrumb"},"inLanguage":"es-ES","potentialAction":[{"@type":"ReadAction","target":["https:\/\/www.mataroempresa.cat\/es\/jornada-de-financiacion-enisa-y-ifem\/"]}]},{"@type":"BreadcrumbList","@id":"https:\/\/www.mataroempresa.cat\/es\/jornada-de-financiacion-enisa-y-ifem\/#breadcrumb","itemListElement":[{"@type":"ListItem","position":1,"name":"Inici","item":"https:\/\/www.mataroempresa.cat\/es\/"},{"@type":"ListItem","position":2,"name":"Jornada de Financiaci\u00f3n: ENISA y IFEM"}]},{"@type":"WebSite","@id":"https:\/\/www.mataroempresa.cat\/es\/#website","url":"https:\/\/www.mataroempresa.cat\/es\/","name":"Matar\u00f3 Empresa","description":"Matar\u00f3 Empresa","potentialAction":[{"@type":"SearchAction","target":{"@type":"EntryPoint","urlTemplate":"https:\/\/www.mataroempresa.cat\/es\/?s={search_term_string}"},"query-input":"required name=search_term_string"}],"inLanguage":"es-ES"},{"@type":"Person","@id":"https:\/\/www.mataroempresa.cat\/es\/#\/schema\/person\/d3fb1bc92015affcf7834a96f57e0170","name":"Carme Navas","image":{"@type":"ImageObject","inLanguage":"es-ES","@id":"https:\/\/www.mataroempresa.cat\/es\/#\/schema\/person\/image\/","url":"https:\/\/secure.gravatar.com\/avatar\/61679110e418750597df6f6187929ebe?s=96&d=mm&r=g","contentUrl":"https:\/\/secure.gravatar.com\/avatar\/61679110e418750597df6f6187929ebe?s=96&d=mm&r=g","caption":"Carme Navas"},"url":"https:\/\/www.mataroempresa.cat\/es\/author\/cnavas\/"}]}},"_links":{"self":[{"href":"https:\/\/www.mataroempresa.cat\/es\/wp-json\/wp\/v2\/posts\/3488"}],"collection":[{"href":"https:\/\/www.mataroempresa.cat\/es\/wp-json\/wp\/v2\/posts"}],"about":[{"href":"https:\/\/www.mataroempresa.cat\/es\/wp-json\/wp\/v2\/types\/post"}],"author":[{"embeddable":true,"href":"https:\/\/www.mataroempresa.cat\/es\/wp-json\/wp\/v2\/users\/3"}],"replies":[{"embeddable":true,"href":"https:\/\/www.mataroempresa.cat\/es\/wp-json\/wp\/v2\/comments?post=3488"}],"version-history":[{"count":1,"href":"https:\/\/www.mataroempresa.cat\/es\/wp-json\/wp\/v2\/posts\/3488\/revisions"}],"predecessor-version":[{"id":3489,"href":"https:\/\/www.mataroempresa.cat\/es\/wp-json\/wp\/v2\/posts\/3488\/revisions\/3489"}],"wp:attachment":[{"href":"https:\/\/www.mataroempresa.cat\/es\/wp-json\/wp\/v2\/media?parent=3488"}],"wp:term":[{"taxonomy":"category","embeddable":true,"href":"https:\/\/www.mataroempresa.cat\/es\/wp-json\/wp\/v2\/categories?post=3488"},{"taxonomy":"post_tag","embeddable":true,"href":"https:\/\/www.mataroempresa.cat\/es\/wp-json\/wp\/v2\/tags?post=3488"}],"curies":[{"name":"wp","href":"https:\/\/api.w.org\/{rel}","templated":true}]}}