{"id":3547,"date":"2017-07-20T12:07:35","date_gmt":"2017-07-20T12:07:35","guid":{"rendered":"http:\/\/www.mataroempresa.cat\/?p=3547"},"modified":"2017-07-20T12:08:09","modified_gmt":"2017-07-20T12:08:09","slug":"17a-edicion-de-los-premios-creatic-a-las-mejores-iniciativas-empresariales","status":"publish","type":"post","link":"https:\/\/www.mataroempresa.cat\/es\/17a-edicion-de-los-premios-creatic-a-las-mejores-iniciativas-empresariales\/","title":{"rendered":"17A EDICI\u00d3N DE LOS PREMIOS CREATIC A LAS MEJORES INICIATIVAS EMPRESARIALES"},"content":{"rendered":"<p style=\"text-align: justify;\">El TecnoCampus y el Ayuntamiento de Matar\u00f3 han abierto la 17a convocatoria de los <a href=\"https:\/\/www.tecnocampus.cat\/ca\/emprenedoria\/premis-creatic\" target=\"_blank\">Premios Creatic<\/a>, dirigidos a <strong>proyectos emprendedores y empresas de reciente creaci\u00f3n<\/strong> relacionados con la tecnolog\u00eda y la innovaci\u00f3n. Con una larga trayectoria, estos galardones contribuyen al desarrollo socioecon\u00f3mico de Matar\u00f3 y el Maresme, promoviendo la iniciativa empresarial ofreciendo apoyo econ\u00f3mico y log\u00edstico. Las empresas Sirsa y Banco Sabadell son las patrocinadoras de los premios, dotados con un total de 16.000 euros en las diversas categor\u00edas.<\/p>\n<p>Los Premios Creatic reconocen a los galardonados en dos categor\u00edas: <strong>Mejor Idea Empresarial<\/strong> y <strong>Mejor Start-up<\/strong>.<\/p>\n<p>Para <a href=\"https:\/\/www.tecnocampus.cat\/es\/noticias\/tecnocampus-ayuntamiento-mataro-17a-edicion-premios-creatic-mejores-iniciativas-empresariales\" target=\"_blank\">m\u00e1s informaci\u00f3n<\/a><\/p>\n","protected":false},"excerpt":{"rendered":"<p>El TecnoCampus y el Ayuntamiento de Matar\u00f3 han abierto la 17a convocatoria de los Premios Creatic, dirigidos a proyectos emprendedores y empresas de reciente creaci\u00f3n relacionados con la tecnolog\u00eda y [&hellip;]<span class=\"entry-read-more\"><a href=\"https:\/\/www.mataroempresa.cat\/es\/17a-edicion-de-los-premios-creatic-a-las-mejores-iniciativas-empresariales\/\" class=\"cs-btn cs-btn-flat cs-btn-rounded cs-btn-xxs cs-btn-flat-accent\">Leer m\u00e1s<\/a><\/span><\/p>\n","protected":false},"author":3,"featured_media":0,"comment_status":"closed","ping_status":"closed","sticky":false,"template":"","format":"standard","meta":{"footnotes":""},"categories":[7],"tags":[],"yoast_head":"<!-- This site is optimized with the Yoast SEO plugin v21.1 - https:\/\/yoast.com\/wordpress\/plugins\/seo\/ -->\n<title>17A EDICI\u00d3N DE LOS PREMIOS CREATIC A LAS MEJORES INICIATIVAS EMPRESARIALES - Matar\u00f3 Empresa<\/title>\n<meta name=\"robots\" content=\"index, follow, max-snippet:-1, max-image-preview:large, max-video-preview:-1\" \/>\n<link rel=\"canonical\" href=\"https:\/\/www.mataroempresa.cat\/es\/17a-edicion-de-los-premios-creatic-a-las-mejores-iniciativas-empresariales\/\" \/>\n<meta property=\"og:locale\" content=\"es_ES\" \/>\n<meta property=\"og:type\" content=\"article\" \/>\n<meta property=\"og:title\" content=\"17A EDICI\u00d3N DE LOS PREMIOS CREATIC A LAS MEJORES INICIATIVAS EMPRESARIALES - Matar\u00f3 Empresa\" \/>\n<meta property=\"og:description\" content=\"El TecnoCampus y el Ayuntamiento de Matar\u00f3 han abierto la 17a convocatoria de los Premios Creatic, dirigidos a proyectos emprendedores y empresas de reciente creaci\u00f3n relacionados con la tecnolog\u00eda y [&hellip;]\" \/>\n<meta property=\"og:url\" content=\"https:\/\/www.mataroempresa.cat\/es\/17a-edicion-de-los-premios-creatic-a-las-mejores-iniciativas-empresariales\/\" \/>\n<meta property=\"og:site_name\" content=\"Matar\u00f3 Empresa\" \/>\n<meta property=\"article:published_time\" content=\"2017-07-20T12:07:35+00:00\" \/>\n<meta property=\"article:modified_time\" content=\"2017-07-20T12:08:09+00:00\" \/>\n<meta name=\"author\" content=\"Carme Navas\" \/>\n<meta name=\"twitter:card\" content=\"summary_large_image\" \/>\n<meta name=\"twitter:label1\" content=\"Escrito por\" \/>\n\t<meta name=\"twitter:data1\" content=\"Carme Navas\" \/>\n\t<meta name=\"twitter:label2\" content=\"Tiempo de lectura\" \/>\n\t<meta name=\"twitter:data2\" content=\"1 minute\" \/>\n<script type=\"application\/ld+json\" class=\"yoast-schema-graph\">{\"@context\":\"https:\/\/schema.org\",\"@graph\":[{\"@type\":\"WebPage\",\"@id\":\"https:\/\/www.mataroempresa.cat\/es\/17a-edicion-de-los-premios-creatic-a-las-mejores-iniciativas-empresariales\/\",\"url\":\"https:\/\/www.mataroempresa.cat\/es\/17a-edicion-de-los-premios-creatic-a-las-mejores-iniciativas-empresariales\/\",\"name\":\"17A EDICI\u00d3N DE LOS PREMIOS CREATIC A LAS MEJORES INICIATIVAS EMPRESARIALES - Matar\u00f3 Empresa\",\"isPartOf\":{\"@id\":\"https:\/\/www.mataroempresa.cat\/es\/#website\"},\"datePublished\":\"2017-07-20T12:07:35+00:00\",\"dateModified\":\"2017-07-20T12:08:09+00:00\",\"author\":{\"@id\":\"https:\/\/www.mataroempresa.cat\/es\/#\/schema\/person\/d3fb1bc92015affcf7834a96f57e0170\"},\"breadcrumb\":{\"@id\":\"https:\/\/www.mataroempresa.cat\/es\/17a-edicion-de-los-premios-creatic-a-las-mejores-iniciativas-empresariales\/#breadcrumb\"},\"inLanguage\":\"es-ES\",\"potentialAction\":[{\"@type\":\"ReadAction\",\"target\":[\"https:\/\/www.mataroempresa.cat\/es\/17a-edicion-de-los-premios-creatic-a-las-mejores-iniciativas-empresariales\/\"]}]},{\"@type\":\"BreadcrumbList\",\"@id\":\"https:\/\/www.mataroempresa.cat\/es\/17a-edicion-de-los-premios-creatic-a-las-mejores-iniciativas-empresariales\/#breadcrumb\",\"itemListElement\":[{\"@type\":\"ListItem\",\"position\":1,\"name\":\"Inici\",\"item\":\"https:\/\/www.mataroempresa.cat\/es\/\"},{\"@type\":\"ListItem\",\"position\":2,\"name\":\"17A EDICI\u00d3N DE LOS PREMIOS CREATIC A LAS MEJORES INICIATIVAS EMPRESARIALES\"}]},{\"@type\":\"WebSite\",\"@id\":\"https:\/\/www.mataroempresa.cat\/es\/#website\",\"url\":\"https:\/\/www.mataroempresa.cat\/es\/\",\"name\":\"Matar\u00f3 Empresa\",\"description\":\"Matar\u00f3 Empresa\",\"potentialAction\":[{\"@type\":\"SearchAction\",\"target\":{\"@type\":\"EntryPoint\",\"urlTemplate\":\"https:\/\/www.mataroempresa.cat\/es\/?s={search_term_string}\"},\"query-input\":\"required name=search_term_string\"}],\"inLanguage\":\"es-ES\"},{\"@type\":\"Person\",\"@id\":\"https:\/\/www.mataroempresa.cat\/es\/#\/schema\/person\/d3fb1bc92015affcf7834a96f57e0170\",\"name\":\"Carme Navas\",\"image\":{\"@type\":\"ImageObject\",\"inLanguage\":\"es-ES\",\"@id\":\"https:\/\/www.mataroempresa.cat\/es\/#\/schema\/person\/image\/\",\"url\":\"https:\/\/secure.gravatar.com\/avatar\/61679110e418750597df6f6187929ebe?s=96&d=mm&r=g\",\"contentUrl\":\"https:\/\/secure.gravatar.com\/avatar\/61679110e418750597df6f6187929ebe?s=96&d=mm&r=g\",\"caption\":\"Carme Navas\"},\"url\":\"https:\/\/www.mataroempresa.cat\/es\/author\/cnavas\/\"}]}<\/script>\n<!-- \/ Yoast SEO plugin. -->","yoast_head_json":{"title":"17A EDICI\u00d3N DE LOS PREMIOS CREATIC A LAS MEJORES INICIATIVAS EMPRESARIALES - Matar\u00f3 Empresa","robots":{"index":"index","follow":"follow","max-snippet":"max-snippet:-1","max-image-preview":"max-image-preview:large","max-video-preview":"max-video-preview:-1"},"canonical":"https:\/\/www.mataroempresa.cat\/es\/17a-edicion-de-los-premios-creatic-a-las-mejores-iniciativas-empresariales\/","og_locale":"es_ES","og_type":"article","og_title":"17A EDICI\u00d3N DE LOS PREMIOS CREATIC A LAS MEJORES INICIATIVAS EMPRESARIALES - Matar\u00f3 Empresa","og_description":"El TecnoCampus y el Ayuntamiento de Matar\u00f3 han abierto la 17a convocatoria de los Premios Creatic, dirigidos a proyectos emprendedores y empresas de reciente creaci\u00f3n relacionados con la tecnolog\u00eda y [&hellip;]","og_url":"https:\/\/www.mataroempresa.cat\/es\/17a-edicion-de-los-premios-creatic-a-las-mejores-iniciativas-empresariales\/","og_site_name":"Matar\u00f3 Empresa","article_published_time":"2017-07-20T12:07:35+00:00","article_modified_time":"2017-07-20T12:08:09+00:00","author":"Carme Navas","twitter_card":"summary_large_image","twitter_misc":{"Escrito por":"Carme Navas","Tiempo de lectura":"1 minute"},"schema":{"@context":"https:\/\/schema.org","@graph":[{"@type":"WebPage","@id":"https:\/\/www.mataroempresa.cat\/es\/17a-edicion-de-los-premios-creatic-a-las-mejores-iniciativas-empresariales\/","url":"https:\/\/www.mataroempresa.cat\/es\/17a-edicion-de-los-premios-creatic-a-las-mejores-iniciativas-empresariales\/","name":"17A EDICI\u00d3N DE LOS PREMIOS CREATIC A LAS MEJORES INICIATIVAS EMPRESARIALES - Matar\u00f3 Empresa","isPartOf":{"@id":"https:\/\/www.mataroempresa.cat\/es\/#website"},"datePublished":"2017-07-20T12:07:35+00:00","dateModified":"2017-07-20T12:08:09+00:00","author":{"@id":"https:\/\/www.mataroempresa.cat\/es\/#\/schema\/person\/d3fb1bc92015affcf7834a96f57e0170"},"breadcrumb":{"@id":"https:\/\/www.mataroempresa.cat\/es\/17a-edicion-de-los-premios-creatic-a-las-mejores-iniciativas-empresariales\/#breadcrumb"},"inLanguage":"es-ES","potentialAction":[{"@type":"ReadAction","target":["https:\/\/www.mataroempresa.cat\/es\/17a-edicion-de-los-premios-creatic-a-las-mejores-iniciativas-empresariales\/"]}]},{"@type":"BreadcrumbList","@id":"https:\/\/www.mataroempresa.cat\/es\/17a-edicion-de-los-premios-creatic-a-las-mejores-iniciativas-empresariales\/#breadcrumb","itemListElement":[{"@type":"ListItem","position":1,"name":"Inici","item":"https:\/\/www.mataroempresa.cat\/es\/"},{"@type":"ListItem","position":2,"name":"17A EDICI\u00d3N DE LOS PREMIOS CREATIC A LAS MEJORES INICIATIVAS EMPRESARIALES"}]},{"@type":"WebSite","@id":"https:\/\/www.mataroempresa.cat\/es\/#website","url":"https:\/\/www.mataroempresa.cat\/es\/","name":"Matar\u00f3 Empresa","description":"Matar\u00f3 Empresa","potentialAction":[{"@type":"SearchAction","target":{"@type":"EntryPoint","urlTemplate":"https:\/\/www.mataroempresa.cat\/es\/?s={search_term_string}"},"query-input":"required name=search_term_string"}],"inLanguage":"es-ES"},{"@type":"Person","@id":"https:\/\/www.mataroempresa.cat\/es\/#\/schema\/person\/d3fb1bc92015affcf7834a96f57e0170","name":"Carme Navas","image":{"@type":"ImageObject","inLanguage":"es-ES","@id":"https:\/\/www.mataroempresa.cat\/es\/#\/schema\/person\/image\/","url":"https:\/\/secure.gravatar.com\/avatar\/61679110e418750597df6f6187929ebe?s=96&d=mm&r=g","contentUrl":"https:\/\/secure.gravatar.com\/avatar\/61679110e418750597df6f6187929ebe?s=96&d=mm&r=g","caption":"Carme Navas"},"url":"https:\/\/www.mataroempresa.cat\/es\/author\/cnavas\/"}]}},"_links":{"self":[{"href":"https:\/\/www.mataroempresa.cat\/es\/wp-json\/wp\/v2\/posts\/3547"}],"collection":[{"href":"https:\/\/www.mataroempresa.cat\/es\/wp-json\/wp\/v2\/posts"}],"about":[{"href":"https:\/\/www.mataroempresa.cat\/es\/wp-json\/wp\/v2\/types\/post"}],"author":[{"embeddable":true,"href":"https:\/\/www.mataroempresa.cat\/es\/wp-json\/wp\/v2\/users\/3"}],"replies":[{"embeddable":true,"href":"https:\/\/www.mataroempresa.cat\/es\/wp-json\/wp\/v2\/comments?post=3547"}],"version-history":[{"count":2,"href":"https:\/\/www.mataroempresa.cat\/es\/wp-json\/wp\/v2\/posts\/3547\/revisions"}],"predecessor-version":[{"id":3550,"href":"https:\/\/www.mataroempresa.cat\/es\/wp-json\/wp\/v2\/posts\/3547\/revisions\/3550"}],"wp:attachment":[{"href":"https:\/\/www.mataroempresa.cat\/es\/wp-json\/wp\/v2\/media?parent=3547"}],"wp:term":[{"taxonomy":"category","embeddable":true,"href":"https:\/\/www.mataroempresa.cat\/es\/wp-json\/wp\/v2\/categories?post=3547"},{"taxonomy":"post_tag","embeddable":true,"href":"https:\/\/www.mataroempresa.cat\/es\/wp-json\/wp\/v2\/tags?post=3547"}],"curies":[{"name":"wp","href":"https:\/\/api.w.org\/{rel}","templated":true}]}}