{"id":3717,"date":"2017-11-13T09:27:28","date_gmt":"2017-11-13T09:27:28","guid":{"rendered":"http:\/\/www.mataroempresa.cat\/?p=3717"},"modified":"2017-11-13T09:27:28","modified_gmt":"2017-11-13T09:27:28","slug":"noche-de-la-emprendeduria-y-la-innovacion-23-de-noviembre","status":"publish","type":"post","link":"https:\/\/www.mataroempresa.cat\/es\/noche-de-la-emprendeduria-y-la-innovacion-23-de-noviembre\/","title":{"rendered":"Noche de la emprendedur\u00eda y la innovaci\u00f3n. 23 de Noviembre"},"content":{"rendered":"<p>La <strong>Noche de la emprendedur\u00eda y la innovaci\u00f3n<\/strong> volver\u00e1 a reunir a emprendedores, start-ups y empresas del territorio el pr\u00f3ximo d\u00eda 23 de noviembre a TecnoCampus, con el objetivo de fomentar las relaciones y la cooperaci\u00f3n empresarial y reconocer las iniciativas emprendedoras, de innovaci\u00f3n y de responsabilidad social de las organizaciones.<\/p>\n<p>A lo largo de la Noche se har\u00e1 la entrega de los <strong>premios al emprendimiento Creatic<\/strong>, que este 2017 llegan a la decimos\u00e9ptima edici\u00f3n, y que organizan el TecnoCampus y el Ayuntamiento de Matar\u00f3, con el patrocinio de las empresas Sirsa y Banco de Sabadell.<\/p>\n<p><a href=\"http:\/\/https:\/\/www.tecnocampus.cat\/es\/noticias\/nit-de-l-emprenedoria-i-la-innovacio-23-de-novembre-3454-es\" target=\"_blank\">M\u00e1s informaci\u00f3n y inscripciones<\/a><\/p>\n","protected":false},"excerpt":{"rendered":"<p>La Noche de la emprendedur\u00eda y la innovaci\u00f3n volver\u00e1 a reunir a emprendedores, start-ups y empresas del territorio el pr\u00f3ximo d\u00eda 23 de noviembre a TecnoCampus, con el objetivo de [&hellip;]<span class=\"entry-read-more\"><a href=\"https:\/\/www.mataroempresa.cat\/es\/noche-de-la-emprendeduria-y-la-innovacion-23-de-noviembre\/\" class=\"cs-btn cs-btn-flat cs-btn-rounded cs-btn-xxs cs-btn-flat-accent\">Leer m\u00e1s<\/a><\/span><\/p>\n","protected":false},"author":3,"featured_media":0,"comment_status":"closed","ping_status":"closed","sticky":false,"template":"","format":"standard","meta":{"footnotes":""},"categories":[7],"tags":[],"yoast_head":"<!-- This site is optimized with the Yoast SEO plugin v21.1 - https:\/\/yoast.com\/wordpress\/plugins\/seo\/ -->\n<title>Noche de la emprendedur\u00eda y la innovaci\u00f3n. 23 de Noviembre - Matar\u00f3 Empresa<\/title>\n<meta name=\"robots\" content=\"index, follow, max-snippet:-1, max-image-preview:large, max-video-preview:-1\" \/>\n<link rel=\"canonical\" href=\"https:\/\/www.mataroempresa.cat\/es\/noche-de-la-emprendeduria-y-la-innovacion-23-de-noviembre\/\" \/>\n<meta property=\"og:locale\" content=\"es_ES\" \/>\n<meta property=\"og:type\" content=\"article\" \/>\n<meta property=\"og:title\" content=\"Noche de la emprendedur\u00eda y la innovaci\u00f3n. 23 de Noviembre - Matar\u00f3 Empresa\" \/>\n<meta property=\"og:description\" content=\"La Noche de la emprendedur\u00eda y la innovaci\u00f3n volver\u00e1 a reunir a emprendedores, start-ups y empresas del territorio el pr\u00f3ximo d\u00eda 23 de noviembre a TecnoCampus, con el objetivo de [&hellip;]\" \/>\n<meta property=\"og:url\" content=\"https:\/\/www.mataroempresa.cat\/es\/noche-de-la-emprendeduria-y-la-innovacion-23-de-noviembre\/\" \/>\n<meta property=\"og:site_name\" content=\"Matar\u00f3 Empresa\" \/>\n<meta property=\"article:published_time\" content=\"2017-11-13T09:27:28+00:00\" \/>\n<meta name=\"author\" content=\"Carme Navas\" \/>\n<meta name=\"twitter:card\" content=\"summary_large_image\" \/>\n<meta name=\"twitter:label1\" content=\"Escrito por\" \/>\n\t<meta name=\"twitter:data1\" content=\"Carme Navas\" \/>\n\t<meta name=\"twitter:label2\" content=\"Tiempo de lectura\" \/>\n\t<meta name=\"twitter:data2\" content=\"1 minute\" \/>\n<script type=\"application\/ld+json\" class=\"yoast-schema-graph\">{\"@context\":\"https:\/\/schema.org\",\"@graph\":[{\"@type\":\"WebPage\",\"@id\":\"https:\/\/www.mataroempresa.cat\/es\/noche-de-la-emprendeduria-y-la-innovacion-23-de-noviembre\/\",\"url\":\"https:\/\/www.mataroempresa.cat\/es\/noche-de-la-emprendeduria-y-la-innovacion-23-de-noviembre\/\",\"name\":\"Noche de la emprendedur\u00eda y la innovaci\u00f3n. 23 de Noviembre - Matar\u00f3 Empresa\",\"isPartOf\":{\"@id\":\"https:\/\/www.mataroempresa.cat\/es\/#website\"},\"datePublished\":\"2017-11-13T09:27:28+00:00\",\"dateModified\":\"2017-11-13T09:27:28+00:00\",\"author\":{\"@id\":\"https:\/\/www.mataroempresa.cat\/es\/#\/schema\/person\/d3fb1bc92015affcf7834a96f57e0170\"},\"breadcrumb\":{\"@id\":\"https:\/\/www.mataroempresa.cat\/es\/noche-de-la-emprendeduria-y-la-innovacion-23-de-noviembre\/#breadcrumb\"},\"inLanguage\":\"es-ES\",\"potentialAction\":[{\"@type\":\"ReadAction\",\"target\":[\"https:\/\/www.mataroempresa.cat\/es\/noche-de-la-emprendeduria-y-la-innovacion-23-de-noviembre\/\"]}]},{\"@type\":\"BreadcrumbList\",\"@id\":\"https:\/\/www.mataroempresa.cat\/es\/noche-de-la-emprendeduria-y-la-innovacion-23-de-noviembre\/#breadcrumb\",\"itemListElement\":[{\"@type\":\"ListItem\",\"position\":1,\"name\":\"Inici\",\"item\":\"https:\/\/www.mataroempresa.cat\/es\/\"},{\"@type\":\"ListItem\",\"position\":2,\"name\":\"Noche de la emprendedur\u00eda y la innovaci\u00f3n. 23 de Noviembre\"}]},{\"@type\":\"WebSite\",\"@id\":\"https:\/\/www.mataroempresa.cat\/es\/#website\",\"url\":\"https:\/\/www.mataroempresa.cat\/es\/\",\"name\":\"Matar\u00f3 Empresa\",\"description\":\"Matar\u00f3 Empresa\",\"potentialAction\":[{\"@type\":\"SearchAction\",\"target\":{\"@type\":\"EntryPoint\",\"urlTemplate\":\"https:\/\/www.mataroempresa.cat\/es\/?s={search_term_string}\"},\"query-input\":\"required name=search_term_string\"}],\"inLanguage\":\"es-ES\"},{\"@type\":\"Person\",\"@id\":\"https:\/\/www.mataroempresa.cat\/es\/#\/schema\/person\/d3fb1bc92015affcf7834a96f57e0170\",\"name\":\"Carme Navas\",\"image\":{\"@type\":\"ImageObject\",\"inLanguage\":\"es-ES\",\"@id\":\"https:\/\/www.mataroempresa.cat\/es\/#\/schema\/person\/image\/\",\"url\":\"https:\/\/secure.gravatar.com\/avatar\/61679110e418750597df6f6187929ebe?s=96&d=mm&r=g\",\"contentUrl\":\"https:\/\/secure.gravatar.com\/avatar\/61679110e418750597df6f6187929ebe?s=96&d=mm&r=g\",\"caption\":\"Carme Navas\"},\"url\":\"https:\/\/www.mataroempresa.cat\/es\/author\/cnavas\/\"}]}<\/script>\n<!-- \/ Yoast SEO plugin. -->","yoast_head_json":{"title":"Noche de la emprendedur\u00eda y la innovaci\u00f3n. 23 de Noviembre - Matar\u00f3 Empresa","robots":{"index":"index","follow":"follow","max-snippet":"max-snippet:-1","max-image-preview":"max-image-preview:large","max-video-preview":"max-video-preview:-1"},"canonical":"https:\/\/www.mataroempresa.cat\/es\/noche-de-la-emprendeduria-y-la-innovacion-23-de-noviembre\/","og_locale":"es_ES","og_type":"article","og_title":"Noche de la emprendedur\u00eda y la innovaci\u00f3n. 23 de Noviembre - Matar\u00f3 Empresa","og_description":"La Noche de la emprendedur\u00eda y la innovaci\u00f3n volver\u00e1 a reunir a emprendedores, start-ups y empresas del territorio el pr\u00f3ximo d\u00eda 23 de noviembre a TecnoCampus, con el objetivo de [&hellip;]","og_url":"https:\/\/www.mataroempresa.cat\/es\/noche-de-la-emprendeduria-y-la-innovacion-23-de-noviembre\/","og_site_name":"Matar\u00f3 Empresa","article_published_time":"2017-11-13T09:27:28+00:00","author":"Carme Navas","twitter_card":"summary_large_image","twitter_misc":{"Escrito por":"Carme Navas","Tiempo de lectura":"1 minute"},"schema":{"@context":"https:\/\/schema.org","@graph":[{"@type":"WebPage","@id":"https:\/\/www.mataroempresa.cat\/es\/noche-de-la-emprendeduria-y-la-innovacion-23-de-noviembre\/","url":"https:\/\/www.mataroempresa.cat\/es\/noche-de-la-emprendeduria-y-la-innovacion-23-de-noviembre\/","name":"Noche de la emprendedur\u00eda y la innovaci\u00f3n. 23 de Noviembre - Matar\u00f3 Empresa","isPartOf":{"@id":"https:\/\/www.mataroempresa.cat\/es\/#website"},"datePublished":"2017-11-13T09:27:28+00:00","dateModified":"2017-11-13T09:27:28+00:00","author":{"@id":"https:\/\/www.mataroempresa.cat\/es\/#\/schema\/person\/d3fb1bc92015affcf7834a96f57e0170"},"breadcrumb":{"@id":"https:\/\/www.mataroempresa.cat\/es\/noche-de-la-emprendeduria-y-la-innovacion-23-de-noviembre\/#breadcrumb"},"inLanguage":"es-ES","potentialAction":[{"@type":"ReadAction","target":["https:\/\/www.mataroempresa.cat\/es\/noche-de-la-emprendeduria-y-la-innovacion-23-de-noviembre\/"]}]},{"@type":"BreadcrumbList","@id":"https:\/\/www.mataroempresa.cat\/es\/noche-de-la-emprendeduria-y-la-innovacion-23-de-noviembre\/#breadcrumb","itemListElement":[{"@type":"ListItem","position":1,"name":"Inici","item":"https:\/\/www.mataroempresa.cat\/es\/"},{"@type":"ListItem","position":2,"name":"Noche de la emprendedur\u00eda y la innovaci\u00f3n. 23 de Noviembre"}]},{"@type":"WebSite","@id":"https:\/\/www.mataroempresa.cat\/es\/#website","url":"https:\/\/www.mataroempresa.cat\/es\/","name":"Matar\u00f3 Empresa","description":"Matar\u00f3 Empresa","potentialAction":[{"@type":"SearchAction","target":{"@type":"EntryPoint","urlTemplate":"https:\/\/www.mataroempresa.cat\/es\/?s={search_term_string}"},"query-input":"required name=search_term_string"}],"inLanguage":"es-ES"},{"@type":"Person","@id":"https:\/\/www.mataroempresa.cat\/es\/#\/schema\/person\/d3fb1bc92015affcf7834a96f57e0170","name":"Carme Navas","image":{"@type":"ImageObject","inLanguage":"es-ES","@id":"https:\/\/www.mataroempresa.cat\/es\/#\/schema\/person\/image\/","url":"https:\/\/secure.gravatar.com\/avatar\/61679110e418750597df6f6187929ebe?s=96&d=mm&r=g","contentUrl":"https:\/\/secure.gravatar.com\/avatar\/61679110e418750597df6f6187929ebe?s=96&d=mm&r=g","caption":"Carme Navas"},"url":"https:\/\/www.mataroempresa.cat\/es\/author\/cnavas\/"}]}},"_links":{"self":[{"href":"https:\/\/www.mataroempresa.cat\/es\/wp-json\/wp\/v2\/posts\/3717"}],"collection":[{"href":"https:\/\/www.mataroempresa.cat\/es\/wp-json\/wp\/v2\/posts"}],"about":[{"href":"https:\/\/www.mataroempresa.cat\/es\/wp-json\/wp\/v2\/types\/post"}],"author":[{"embeddable":true,"href":"https:\/\/www.mataroempresa.cat\/es\/wp-json\/wp\/v2\/users\/3"}],"replies":[{"embeddable":true,"href":"https:\/\/www.mataroempresa.cat\/es\/wp-json\/wp\/v2\/comments?post=3717"}],"version-history":[{"count":2,"href":"https:\/\/www.mataroempresa.cat\/es\/wp-json\/wp\/v2\/posts\/3717\/revisions"}],"predecessor-version":[{"id":3722,"href":"https:\/\/www.mataroempresa.cat\/es\/wp-json\/wp\/v2\/posts\/3717\/revisions\/3722"}],"wp:attachment":[{"href":"https:\/\/www.mataroempresa.cat\/es\/wp-json\/wp\/v2\/media?parent=3717"}],"wp:term":[{"taxonomy":"category","embeddable":true,"href":"https:\/\/www.mataroempresa.cat\/es\/wp-json\/wp\/v2\/categories?post=3717"},{"taxonomy":"post_tag","embeddable":true,"href":"https:\/\/www.mataroempresa.cat\/es\/wp-json\/wp\/v2\/tags?post=3717"}],"curies":[{"name":"wp","href":"https:\/\/api.w.org\/{rel}","templated":true}]}}